{"id":14060,"date":"2022-11-22T13:44:36","date_gmt":"2022-11-22T18:44:36","guid":{"rendered":"https:\/\/www.derechoshumanos.gob.ec\/?p=14060"},"modified":"2022-11-22T13:46:32","modified_gmt":"2022-11-22T18:46:32","slug":"dialogo-con-mujeres-se-cumplio-en-el-nororiente-del-ecuador","status":"publish","type":"post","link":"https:\/\/www.ministeriodegobierno.gob.ec\/derechoshumanos\/2022\/11\/22\/dialogo-con-mujeres-se-cumplio-en-el-nororiente-del-ecuador\/","title":{"rendered":"Di\u00e1logo con mujeres se cumpli\u00f3 en el nororiente del Ecuador"},"content":{"rendered":"<p><strong>Tena, 22 de noviembre del 2022._ <\/strong>El compromiso del Gobierno Nacional para fortalecer la lucha contra la violencia hacia las mujeres se cumple en el nororiente del Ecuador a trav\u00e9s del di\u00e1logo en dos mesas t\u00e9cnicas que se desarrollaron los d\u00edas 8 y 14 de noviembre y que permitir\u00e1n generar acciones concretas para prevenir y erradicar esta problem\u00e1tica.<\/p>\n<p>Los espacios fueron organizados por la Secretar\u00eda de Derechos Humanos y Ministerio de Gobierno en coordinaci\u00f3n con los representante del ejecutivo a trav\u00e9s de las gobernaciones del Napo y Orellana y la sociedad civil<\/p>\n<p>El objetivo fue proponer acciones concretas, analizar los nudos cr\u00edticos enfocados en cuatro ejes principales: atenci\u00f3n, protecci\u00f3n, reparaci\u00f3n y fortalecimiento del Sistema Nacional en las provincias de\u00a0 Napo, con 52 asistentes, y Orellana, con 40 asistentes, as\u00ed como, el desarrollo de estrategias de prevenci\u00f3n de la violencia contra las mujeres.<\/p>\n<p>Tula Jim\u00e9nez, directora de la zona 2 manifest\u00f3: \u201c Las mesas t\u00e9cnicas fueron espacios importantes para escuchar a las organizaciones sociales a fin de generar lineamientos para mejorar la actuaci\u00f3n del Estado en lo referente a la pol\u00edtica p\u00fablica, el presupuesto para la implementaci\u00f3n de la Ley Org\u00e1nica Integral para Prevenir y Erradicar la Violencia Contra las Mujeres, la necesidad de procesos de prevenci\u00f3n sostenidos para transformar la cultura de violencia y establecer retos con los cuales especializamos los servicios para garantizar a las mujeres una vida libre de violencia\u201d.<\/p>\n<p>Las mesas de trabajo permitir\u00e1n plantear l\u00edneas de acci\u00f3n inmediatas para fortalecer el Sistema Nacional Integral para Prevenir y Erradicar la Violencia contra las Mujeres a trav\u00e9s de la implementaci\u00f3n de pol\u00edticas p\u00fablicas construidas de manera participativa.<\/p>\n<p>&nbsp;<\/p>\n<p>&nbsp;<\/p>\n","protected":false},"excerpt":{"rendered":"<p class=\"excerpt\">Tena, 22 de noviembre del 2022._ El compromiso del Gobierno Nacional para fortalecer la lucha contra la violencia hacia las mujeres se cumple en el nororiente del Ecuador a trav\u00e9s del di\u00e1logo en dos mesas t\u00e9cnicas que se desarrollaron los d\u00edas 8 y 14 de noviembre y que permitir\u00e1n generar acciones concretas para prevenir y erradicar esta problem\u00e1tica. Los espacios&hellip; <a href=\"https:\/\/www.ministeriodegobierno.gob.ec\/derechoshumanos\/2022\/11\/22\/dialogo-con-mujeres-se-cumplio-en-el-nororiente-del-ecuador\/\">Read more &rarr;<\/a><\/p>\n","protected":false},"author":8,"featured_media":14061,"comment_status":"closed","ping_status":"closed","sticky":false,"template":"","format":"standard","meta":{"footnotes":""},"categories":[20,5,6],"tags":[57],"class_list":["post-14060","post","type-post","status-publish","format-standard","has-post-thumbnail","hentry","category-boletin-de-prensa","category-noticias","category-noticias-destacadas","tag-dialogo-con-mujeres","xfolkentry"],"_links":{"self":[{"href":"https:\/\/www.ministeriodegobierno.gob.ec\/derechoshumanos\/wp-json\/wp\/v2\/posts\/14060","targetHints":{"allow":["GET"]}}],"collection":[{"href":"https:\/\/www.ministeriodegobierno.gob.ec\/derechoshumanos\/wp-json\/wp\/v2\/posts"}],"about":[{"href":"https:\/\/www.ministeriodegobierno.gob.ec\/derechoshumanos\/wp-json\/wp\/v2\/types\/post"}],"author":[{"embeddable":true,"href":"https:\/\/www.ministeriodegobierno.gob.ec\/derechoshumanos\/wp-json\/wp\/v2\/users\/8"}],"replies":[{"embeddable":true,"href":"https:\/\/www.ministeriodegobierno.gob.ec\/derechoshumanos\/wp-json\/wp\/v2\/comments?post=14060"}],"version-history":[{"count":3,"href":"https:\/\/www.ministeriodegobierno.gob.ec\/derechoshumanos\/wp-json\/wp\/v2\/posts\/14060\/revisions"}],"predecessor-version":[{"id":14064,"href":"https:\/\/www.ministeriodegobierno.gob.ec\/derechoshumanos\/wp-json\/wp\/v2\/posts\/14060\/revisions\/14064"}],"wp:featuredmedia":[{"embeddable":true,"href":"https:\/\/www.ministeriodegobierno.gob.ec\/derechoshumanos\/wp-json\/wp\/v2\/media\/14061"}],"wp:attachment":[{"href":"https:\/\/www.ministeriodegobierno.gob.ec\/derechoshumanos\/wp-json\/wp\/v2\/media?parent=14060"}],"wp:term":[{"taxonomy":"category","embeddable":true,"href":"https:\/\/www.ministeriodegobierno.gob.ec\/derechoshumanos\/wp-json\/wp\/v2\/categories?post=14060"},{"taxonomy":"post_tag","embeddable":true,"href":"https:\/\/www.ministeriodegobierno.gob.ec\/derechoshumanos\/wp-json\/wp\/v2\/tags?post=14060"}],"curies":[{"name":"wp","href":"https:\/\/api.w.org\/{rel}","templated":true}]}}