{"id":14076,"date":"2022-11-24T12:50:04","date_gmt":"2022-11-24T17:50:04","guid":{"rendered":"https:\/\/www.derechoshumanos.gob.ec\/?p=14076"},"modified":"2022-11-24T12:50:04","modified_gmt":"2022-11-24T17:50:04","slug":"dialogo-con-mujeres-se-toma-el-territorio-nacional","status":"publish","type":"post","link":"https:\/\/www.ministeriodegobierno.gob.ec\/derechoshumanos\/2022\/11\/24\/dialogo-con-mujeres-se-toma-el-territorio-nacional\/","title":{"rendered":"Di\u00e1logo con mujeres se toma el territorio nacional"},"content":{"rendered":"<p><strong>Manab\u00ed, 24 de noviembre del 2022._ <\/strong>El di\u00e1logo con mujeres en la zona 4 toma fuerza\u00a0 a trav\u00e9s de \u00a0las mesas t\u00e9cnicas que permitir\u00e1n la construcci\u00f3n de pol\u00edticas p\u00fablicas de manera participativa para fortalecer el Sistema Nacional para Prevenir y Erradicar la Violencia de G\u00e9nero. Estas acciones son lideradas por la Secretar\u00eda de Derechos Humanos en coordinaci\u00f3n con el\u00a0 Ministerio de Gobierno, sociedad civil y los representante del ejecutivo a trav\u00e9s de las gobernaciones de Manab\u00ed y Santo Domingo de los Ts\u00e1chilas.<\/p>\n<p>Las mesas se desarrollaron los d\u00edas 14 y 17 de noviembre del 2022 y se contaron con la participaci\u00f3n de 65 asistentes en Manab\u00ed y 68 personas en Santo Domingo de los Ts\u00e1chilas.<\/p>\n<p>La finalidad fue recoger propuestas, ideas y experiencias de mujeres para construir una hoja de ruta que permitan fortalecer las capacidades de las instituciones del Estado para la implementaci\u00f3n de la Ley Org\u00e1nica Integral para Prevenir y Erradicar la Violencia<\/p>\n<p>En estos espacios se trataron cuatro ejes: prevenci\u00f3n, atenci\u00f3n-protecci\u00f3n, reparaci\u00f3n y fortalecimiento del Sistema de Prevenci\u00f3n y Erradicaci\u00f3n de Violencia.<\/p>\n<p>\u201cLas mesas de di\u00e1logo\u00a0 impulsadas por el Presidente de la Rep\u00fablica ratifican el compromiso para prevenir y erradicar la violencia contra las mujeres, sin duda esto nos va a permitir impulsar acciones concretas en beneficio de las mujeres\u201d, se\u00f1al\u00f3 Juan Carlos Pe\u00f1afiel,\u00a0 coordinador de la Oficina T\u00e9cnica Zonal 4.<\/p>\n<p>Desde la Secretar\u00eda de Derechos Humanos se cumple con el mandato presidencial para generar acciones inmediatas a un tema de gran importancia como el fortalecimiento de la pol\u00edtica p\u00fablica para prevenir y erradicar la violencia contra las mujeres, ni\u00f1as, ni\u00f1os y adolescentes.<\/p>\n","protected":false},"excerpt":{"rendered":"<p class=\"excerpt\">Manab\u00ed, 24 de noviembre del 2022._ El di\u00e1logo con mujeres en la zona 4 toma fuerza\u00a0 a trav\u00e9s de \u00a0las mesas t\u00e9cnicas que permitir\u00e1n la construcci\u00f3n de pol\u00edticas p\u00fablicas de manera participativa para fortalecer el Sistema Nacional para Prevenir y Erradicar la Violencia de G\u00e9nero. Estas acciones son lideradas por la Secretar\u00eda de Derechos Humanos en coordinaci\u00f3n con el\u00a0 Ministerio&hellip; <a href=\"https:\/\/www.ministeriodegobierno.gob.ec\/derechoshumanos\/2022\/11\/24\/dialogo-con-mujeres-se-toma-el-territorio-nacional\/\">Read more &rarr;<\/a><\/p>\n","protected":false},"author":8,"featured_media":14077,"comment_status":"closed","ping_status":"closed","sticky":false,"template":"","format":"standard","meta":{"footnotes":""},"categories":[20,5,6],"tags":[],"class_list":["post-14076","post","type-post","status-publish","format-standard","has-post-thumbnail","hentry","category-boletin-de-prensa","category-noticias","category-noticias-destacadas","xfolkentry"],"_links":{"self":[{"href":"https:\/\/www.ministeriodegobierno.gob.ec\/derechoshumanos\/wp-json\/wp\/v2\/posts\/14076","targetHints":{"allow":["GET"]}}],"collection":[{"href":"https:\/\/www.ministeriodegobierno.gob.ec\/derechoshumanos\/wp-json\/wp\/v2\/posts"}],"about":[{"href":"https:\/\/www.ministeriodegobierno.gob.ec\/derechoshumanos\/wp-json\/wp\/v2\/types\/post"}],"author":[{"embeddable":true,"href":"https:\/\/www.ministeriodegobierno.gob.ec\/derechoshumanos\/wp-json\/wp\/v2\/users\/8"}],"replies":[{"embeddable":true,"href":"https:\/\/www.ministeriodegobierno.gob.ec\/derechoshumanos\/wp-json\/wp\/v2\/comments?post=14076"}],"version-history":[{"count":1,"href":"https:\/\/www.ministeriodegobierno.gob.ec\/derechoshumanos\/wp-json\/wp\/v2\/posts\/14076\/revisions"}],"predecessor-version":[{"id":14078,"href":"https:\/\/www.ministeriodegobierno.gob.ec\/derechoshumanos\/wp-json\/wp\/v2\/posts\/14076\/revisions\/14078"}],"wp:featuredmedia":[{"embeddable":true,"href":"https:\/\/www.ministeriodegobierno.gob.ec\/derechoshumanos\/wp-json\/wp\/v2\/media\/14077"}],"wp:attachment":[{"href":"https:\/\/www.ministeriodegobierno.gob.ec\/derechoshumanos\/wp-json\/wp\/v2\/media?parent=14076"}],"wp:term":[{"taxonomy":"category","embeddable":true,"href":"https:\/\/www.ministeriodegobierno.gob.ec\/derechoshumanos\/wp-json\/wp\/v2\/categories?post=14076"},{"taxonomy":"post_tag","embeddable":true,"href":"https:\/\/www.ministeriodegobierno.gob.ec\/derechoshumanos\/wp-json\/wp\/v2\/tags?post=14076"}],"curies":[{"name":"wp","href":"https:\/\/api.w.org\/{rel}","templated":true}]}}