{"id":14080,"date":"2022-11-24T17:25:18","date_gmt":"2022-11-24T22:25:18","guid":{"rendered":"https:\/\/www.derechoshumanos.gob.ec\/?p=14080"},"modified":"2022-11-24T17:25:52","modified_gmt":"2022-11-24T22:25:52","slug":"entidades-de-gobierno-entregan-proyecto-de-ordenanza-para-prevenir-y-erradicar-la-mendicidad-y-trabajo-infantil-en-cuenca","status":"publish","type":"post","link":"https:\/\/www.ministeriodegobierno.gob.ec\/derechoshumanos\/2022\/11\/24\/entidades-de-gobierno-entregan-proyecto-de-ordenanza-para-prevenir-y-erradicar-la-mendicidad-y-trabajo-infantil-en-cuenca\/","title":{"rendered":"Entidades de Gobierno entregan proyecto de ordenanza para prevenir y erradicar la mendicidad y trabajo infantil en Cuenca"},"content":{"rendered":"<p>El ministro de Inclusi\u00f3n Econ\u00f3mica y Social, Esteban Bernal, junto a la secretaria de Derechos Humanos, Paola Flores, y el director regional 6 del Ministerio de Trabajo, Rafael V\u00e1zquez, presentaron hoy el proyecto de ordenanza para prevenir y erradicar la mendicidad y trabajo infantil en Cuenca. Esto en el marco de la Campa\u00f1a Nacional Solidaridad sin Mendicidad 2022, que lidera el MIES en corresponsabilidad con 30 instituciones del Estado, ONG, Gobiernos Aut\u00f3nomos Descentralizados y organismos de la sociedad civil.<\/p>\n<p>El proyecto, que regula la implementaci\u00f3n y aplicaci\u00f3n de pol\u00edticas p\u00fablicas para la prevenci\u00f3n, protecci\u00f3n y restituci\u00f3n de derechos de Ni\u00f1os, Ni\u00f1as y Adolescentes en situaciones de calle, mendicidad y trabajo infantil, y regularizaci\u00f3n del trabajo adolescente por excepci\u00f3n, se entreg\u00f3 oficialmente a Jayron Valdez, concejal de Cuenca y presidente de la Comisi\u00f3n de Inclusi\u00f3n Social y G\u00e9nero, para que siga el tr\u00e1mite legal pertinente en el Concejo Cantonal.<\/p>\n<p>Esta propuesta se trabaj\u00f3 en coordinaci\u00f3n y articulaci\u00f3n entre el Ministerio de Inclusi\u00f3n Econ\u00f3mica Social, Secretar\u00eda de Derechos Humanos, Direcci\u00f3n Regional de Trabajo y Servicio P\u00fablico de Cuenca, UNIPEN, Concejo Cantonal de Protecci\u00f3n de Derechos Cuenca, Sociedad Civil, las coordinaciones zonales 6 del Ministerio de Salud P\u00fablica y del Ministerio de Educaci\u00f3n y la Junta Cantonal de Protecci\u00f3n de Derechos.<\/p>\n<p>El proyecto final, presentado hoy en el Sal\u00f3n de Pr\u00f3ceres de la Gobernaci\u00f3n del Azuay, consta de 35 art\u00edculos con sus disposiciones generales, transitorias y derogatorias.<\/p>\n<p>\u201cEl trabajo infantil es un problema multicausal que se enmarca en un contexto de relaci\u00f3n directa con la pobreza y vulnerabilidad. Como Gobierno Nacional impulsamos la expedici\u00f3n de esta Ordenanza Municipal para la prevenci\u00f3n y erradicaci\u00f3n del trabajo infantil en Cuenca. Con esto, vamos a fortalecer las acciones conjuntas para la protecci\u00f3n de los derechos de las ni\u00f1as, ni\u00f1os y adolescentes\u201d, asegur\u00f3 el ministro Bernal. Adem\u00e1s, el secretario de Estado inform\u00f3 que en el pa\u00eds existen 46 ordenanzas municipales expedidas y 34 en proceso de construcci\u00f3n para prevenir y erradicar el trabajo infantil.<\/p>\n<p>Por su parte, Paola Flores, secretaria de Derechos Humanos, manifest\u00f3: \u201cEn el cant\u00f3n Cuenca no podemos seguir diciendo que avanzamos hacia el desarrollo, si no nos hacemos cargo de la erradicaci\u00f3n del trabajo infantil y de asegurar el porvenir de los ni\u00f1os y ni\u00f1as que est\u00e1n en situaci\u00f3n de calle; que, entre otras cosas, perpet\u00faan la desigualdad, porque un ni\u00f1o o ni\u00f1a que trabaja queda en desventaja\u201d.<\/p>\n<p>A la vez, indic\u00f3: \u201cEste proyecto de ordenanza permitir\u00e1 garantizar la dignidad y una vida libre de violencia para nuestros ni\u00f1as y ni\u00f1os. \u201cEn el Gobierno del Encuentro las y los ecuatorianos tenemos un futuro claro, mi compromiso con la ni\u00f1ez de mi querida Cuenca y del pa\u00eds entero\u201d.<\/p>\n<p>En concordancia, Jayron Valdez, concejal de Cuenca, dijo: \u201cEste documento que ser\u00e1 compartido en el Concejo Cantonal tiene como \u00fanico fin erradicar el trabajo infantil. Mi compromiso es que de inmediato se pondr\u00e1 en conocimiento de la comisi\u00f3n y del Alcalde\u201d.<\/p>\n<p>De igual forma, Rafael V\u00e1zquez, en representaci\u00f3n del Ministerio del Trabajo, asever\u00f3 que este proyecto es un ejemplo de resultados y trabajo conjunto sin miramientos pol\u00edticos. \u201cEs la consecuencia del esfuerzo de todos en beneficio de las personas vulnerables\u201d, apunt\u00f3.<\/p>\n<p>A escala nacional, el MIES invierte USD 15 millones para prevenir, proteger y garantizar los derechos de las personas en situaci\u00f3n de mendicidad y trabajo infantil; y, m\u00e1s de 14 mil usuarios son atendidos con estos servicios de protecci\u00f3n especial. En Cuenca, esta cartera de Estado ejecuta programas de prevenci\u00f3n y erradicaci\u00f3n del trabajo infantil para 300 ni\u00f1as, ni\u00f1os y adolescentes, con un presupuesto superior a los USD 314 mil.<\/p>\n","protected":false},"excerpt":{"rendered":"<p class=\"excerpt\">El ministro de Inclusi\u00f3n Econ\u00f3mica y Social, Esteban Bernal, junto a la secretaria de Derechos Humanos, Paola Flores, y el director regional 6 del Ministerio de Trabajo, Rafael V\u00e1zquez, presentaron hoy el proyecto de ordenanza para prevenir y erradicar la mendicidad y trabajo infantil en Cuenca. Esto en el marco de la Campa\u00f1a Nacional Solidaridad sin Mendicidad 2022, que lidera&hellip; <a href=\"https:\/\/www.ministeriodegobierno.gob.ec\/derechoshumanos\/2022\/11\/24\/entidades-de-gobierno-entregan-proyecto-de-ordenanza-para-prevenir-y-erradicar-la-mendicidad-y-trabajo-infantil-en-cuenca\/\">Read more &rarr;<\/a><\/p>\n","protected":false},"author":6,"featured_media":14081,"comment_status":"closed","ping_status":"closed","sticky":false,"template":"","format":"standard","meta":{"footnotes":""},"categories":[20,5,6],"tags":[],"class_list":["post-14080","post","type-post","status-publish","format-standard","has-post-thumbnail","hentry","category-boletin-de-prensa","category-noticias","category-noticias-destacadas","xfolkentry"],"_links":{"self":[{"href":"https:\/\/www.ministeriodegobierno.gob.ec\/derechoshumanos\/wp-json\/wp\/v2\/posts\/14080","targetHints":{"allow":["GET"]}}],"collection":[{"href":"https:\/\/www.ministeriodegobierno.gob.ec\/derechoshumanos\/wp-json\/wp\/v2\/posts"}],"about":[{"href":"https:\/\/www.ministeriodegobierno.gob.ec\/derechoshumanos\/wp-json\/wp\/v2\/types\/post"}],"author":[{"embeddable":true,"href":"https:\/\/www.ministeriodegobierno.gob.ec\/derechoshumanos\/wp-json\/wp\/v2\/users\/6"}],"replies":[{"embeddable":true,"href":"https:\/\/www.ministeriodegobierno.gob.ec\/derechoshumanos\/wp-json\/wp\/v2\/comments?post=14080"}],"version-history":[{"count":1,"href":"https:\/\/www.ministeriodegobierno.gob.ec\/derechoshumanos\/wp-json\/wp\/v2\/posts\/14080\/revisions"}],"predecessor-version":[{"id":14082,"href":"https:\/\/www.ministeriodegobierno.gob.ec\/derechoshumanos\/wp-json\/wp\/v2\/posts\/14080\/revisions\/14082"}],"wp:featuredmedia":[{"embeddable":true,"href":"https:\/\/www.ministeriodegobierno.gob.ec\/derechoshumanos\/wp-json\/wp\/v2\/media\/14081"}],"wp:attachment":[{"href":"https:\/\/www.ministeriodegobierno.gob.ec\/derechoshumanos\/wp-json\/wp\/v2\/media?parent=14080"}],"wp:term":[{"taxonomy":"category","embeddable":true,"href":"https:\/\/www.ministeriodegobierno.gob.ec\/derechoshumanos\/wp-json\/wp\/v2\/categories?post=14080"},{"taxonomy":"post_tag","embeddable":true,"href":"https:\/\/www.ministeriodegobierno.gob.ec\/derechoshumanos\/wp-json\/wp\/v2\/tags?post=14080"}],"curies":[{"name":"wp","href":"https:\/\/api.w.org\/{rel}","templated":true}]}}