{"id":14083,"date":"2022-11-25T15:31:03","date_gmt":"2022-11-25T20:31:03","guid":{"rendered":"https:\/\/www.derechoshumanos.gob.ec\/?p=14083"},"modified":"2022-11-25T15:31:48","modified_gmt":"2022-11-25T20:31:48","slug":"gobierno-nacional-fortalece-procesos-para-prevencion-y-erradicacion-de-la-violencia-contra-las-mujeres","status":"publish","type":"post","link":"https:\/\/www.ministeriodegobierno.gob.ec\/derechoshumanos\/2022\/11\/25\/gobierno-nacional-fortalece-procesos-para-prevencion-y-erradicacion-de-la-violencia-contra-las-mujeres\/","title":{"rendered":"Gobierno Nacional fortalece procesos para prevenci\u00f3n y erradicaci\u00f3n de la violencia contra las mujeres"},"content":{"rendered":"<p><strong>Quito, 25 de noviembre de 2022.-<\/strong> El Gobierno Nacional, por medio de la Secretar\u00eda de Derechos Humanos, impulsa estrategias para la atenci\u00f3n, prevenci\u00f3n y erradicaci\u00f3n de la violencia contra las mujeres en todo el territorio nacional.<\/p>\n<p>En este marco, entre los meses de enero y agosto de 2022 se han brindado 48.718 atenciones a v\u00edctimas de violencia de g\u00e9nero e intrafamiliar por medio de los 45 puntos de atenci\u00f3n de los Servicios de Protecci\u00f3n Integral, evitando as\u00ed que estas mujeres contin\u00faen siendo violentadas.<\/p>\n<p>Con el objetivo de fortalecer las atenciones, hasta 2025 se abrir\u00e1n Centros Violeta en las 24 provincias del pa\u00eds. En las pr\u00f3ximas semanas se inaugurar\u00e1n los primeros espacios en Esmeraldas y Sucumb\u00edos, donde se brindar\u00e1n servicios inmediatos a las v\u00edctimas.<\/p>\n<p>Adem\u00e1s, se han firmado convenios espec\u00edficos con organizaciones de la sociedad civil por un monto de 2,1 millones de d\u00f3lares y se proyecta que m\u00e1s de 1400 v\u00edctimas de violencia recibir\u00e1n atenci\u00f3n en estos espacios durante 2023.<\/p>\n<p>El Registro \u00danico de Violencia, que se presentar\u00e1 en pr\u00f3ximos d\u00edas, permitir\u00e1 tener pol\u00edticas p\u00fablicas enfocadas en los territorios de acuerdo a los datos que arrojen el registro y evitar\u00e1 la revictimizaci\u00f3n de las mujeres.<\/p>\n<p>Con esto se contar\u00e1 con un registro georreferenciado de violencia contra las mujeres que consignar\u00e1 los datos de sexo, edad, auto identificaci\u00f3n \u00e9tnica, condici\u00f3n sexo gen\u00e9rica, nivel de instrucci\u00f3n, condici\u00f3n migratoria, estado civil de la v\u00edctima y persona agresora, el tipo de violencia, la existencia de denuncias anteriores, sentencia y otros datos adicionales que respondan a los est\u00e1ndares internacionales de derechos humanos.<\/p>\n<p>Las mesas de di\u00e1logo con las mujeres, que se han realizado junto al Ministerio de Gobierno por medio de las gobernaciones, han llegado a 23 provincias del pa\u00eds. Estos espacios han permitido mirar las necesidades territoriales para prevenir, atender, reparar y hacer que los servicios institucionales lleguen a quienes deben llegar.<\/p>\n<p>La creaci\u00f3n del Ministerio de la Mujer y Derechos Humanos, anunciada por el presidente de la Rep\u00fablica, Guillermo Lasso Mendoza,\u00a0 responde a\u00a0 una lucha hist\u00f3rica del movimiento de mujeres para dar respuestas institucionales a la aplicaci\u00f3n de la Ley Org\u00e1nica para Prevenir y Erradicar la Violencia a nivel territorial y se oficializar\u00e1 pr\u00f3ximamente.<\/p>\n<p>Todos estos procesos se dan gracias al compromiso de un Gobierno que mira por la prevenci\u00f3n y erradicaci\u00f3n de la violencia y, con acciones concretas, avanza en el gran objetivo de tener un pa\u00eds libre de este flagelo<\/p>\n","protected":false},"excerpt":{"rendered":"<p class=\"excerpt\">Quito, 25 de noviembre de 2022.- El Gobierno Nacional, por medio de la Secretar\u00eda de Derechos Humanos, impulsa estrategias para la atenci\u00f3n, prevenci\u00f3n y erradicaci\u00f3n de la violencia contra las mujeres en todo el territorio nacional. En este marco, entre los meses de enero y agosto de 2022 se han brindado 48.718 atenciones a v\u00edctimas de violencia de g\u00e9nero e&hellip; <a href=\"https:\/\/www.ministeriodegobierno.gob.ec\/derechoshumanos\/2022\/11\/25\/gobierno-nacional-fortalece-procesos-para-prevencion-y-erradicacion-de-la-violencia-contra-las-mujeres\/\">Read more &rarr;<\/a><\/p>\n","protected":false},"author":10,"featured_media":14085,"comment_status":"closed","ping_status":"closed","sticky":false,"template":"","format":"standard","meta":{"footnotes":""},"categories":[26,5,6],"tags":[49,28,36,46,35],"class_list":["post-14083","post","type-post","status-publish","format-standard","has-post-thumbnail","hentry","category-derechos-humanos","category-noticias","category-noticias-destacadas","tag-acciones-urgentes","tag-ddhh","tag-ddhh-ecuador","tag-erradicaccion-de-la-violencia-contra-las-mujeres","tag-mujeres","xfolkentry"],"_links":{"self":[{"href":"https:\/\/www.ministeriodegobierno.gob.ec\/derechoshumanos\/wp-json\/wp\/v2\/posts\/14083","targetHints":{"allow":["GET"]}}],"collection":[{"href":"https:\/\/www.ministeriodegobierno.gob.ec\/derechoshumanos\/wp-json\/wp\/v2\/posts"}],"about":[{"href":"https:\/\/www.ministeriodegobierno.gob.ec\/derechoshumanos\/wp-json\/wp\/v2\/types\/post"}],"author":[{"embeddable":true,"href":"https:\/\/www.ministeriodegobierno.gob.ec\/derechoshumanos\/wp-json\/wp\/v2\/users\/10"}],"replies":[{"embeddable":true,"href":"https:\/\/www.ministeriodegobierno.gob.ec\/derechoshumanos\/wp-json\/wp\/v2\/comments?post=14083"}],"version-history":[{"count":1,"href":"https:\/\/www.ministeriodegobierno.gob.ec\/derechoshumanos\/wp-json\/wp\/v2\/posts\/14083\/revisions"}],"predecessor-version":[{"id":14084,"href":"https:\/\/www.ministeriodegobierno.gob.ec\/derechoshumanos\/wp-json\/wp\/v2\/posts\/14083\/revisions\/14084"}],"wp:featuredmedia":[{"embeddable":true,"href":"https:\/\/www.ministeriodegobierno.gob.ec\/derechoshumanos\/wp-json\/wp\/v2\/media\/14085"}],"wp:attachment":[{"href":"https:\/\/www.ministeriodegobierno.gob.ec\/derechoshumanos\/wp-json\/wp\/v2\/media?parent=14083"}],"wp:term":[{"taxonomy":"category","embeddable":true,"href":"https:\/\/www.ministeriodegobierno.gob.ec\/derechoshumanos\/wp-json\/wp\/v2\/categories?post=14083"},{"taxonomy":"post_tag","embeddable":true,"href":"https:\/\/www.ministeriodegobierno.gob.ec\/derechoshumanos\/wp-json\/wp\/v2\/tags?post=14083"}],"curies":[{"name":"wp","href":"https:\/\/api.w.org\/{rel}","templated":true}]}}