{"id":14088,"date":"2022-11-21T15:33:56","date_gmt":"2022-11-21T20:33:56","guid":{"rendered":"https:\/\/www.derechoshumanos.gob.ec\/?p=14088"},"modified":"2022-11-28T15:35:41","modified_gmt":"2022-11-28T20:35:41","slug":"mesa-para-prevenir-y-erradicar-la-violencia-contra-las-mujeres-se-realizo-en-guayas","status":"publish","type":"post","link":"https:\/\/www.ministeriodegobierno.gob.ec\/derechoshumanos\/2022\/11\/21\/mesa-para-prevenir-y-erradicar-la-violencia-contra-las-mujeres-se-realizo-en-guayas\/","title":{"rendered":"Mesa para prevenir y erradicar la violencia contra las mujeres se realiz\u00f3 en Guayas"},"content":{"rendered":"<p><strong>Guayaquil, 21 de noviembre de 2022.- <\/strong>\u00a0Con la participaci\u00f3n de aproximadamente 50 personas\u00a0 se realiz\u00f3 la mesa de di\u00e1logo de mujeres con la finalidad de fortalecer el Sistema Nacional Integral para Prevenir y Erradicar la Violencia contra las Mujeres, implementando pol\u00edticas p\u00fablicas construidas de manera participativa y acorde a las problem\u00e1ticas de cada territorio.<\/p>\n<p>Esta mesa\u00a0 fue liderada por la Secretar\u00eda de Derechos Humanos en conjunto con la Gobernaci\u00f3n del\u00a0 Azuay como parte del compromiso del presidente de la Rep\u00fablica, Guillermo Lasso, con las mujeres del pa\u00eds.<\/p>\n<p>Primero se realiz\u00f3 un diagn\u00f3stico de la violencia contra las mujeres con la finalidad de recabar los nudos cr\u00edticos y establecer acuerdos con las autoridades del Sistema Nacional con la finalidad de fortalecer las acciones de prevenci\u00f3n, atenci\u00f3n, protecci\u00f3n y reparaci\u00f3n a v\u00edctimas de violencia.<\/p>\n<p>Melissa Cabanilla Hern\u00e1ndez, directora Zonal 8 de la Secretar\u00eda de Derechos Humanos se\u00f1al\u00f3 que: \u201cel di\u00e1logo y la integraci\u00f3n con los diferentes sectores que luchan por los derechos de las mujeres son el inicio del camino contra la erradicaci\u00f3n de la violencia de g\u00e9nero\u201d.<\/p>\n<p>En las mesas de trabajo se llegaron a algunos acuerdos, en el eje de prevenci\u00f3n: generar espacios\u00a0 de socializaci\u00f3n y\u00a0 sensibilizaci\u00f3n en los propios funcionarios p\u00fablicos sobre acciones de discriminaci\u00f3n de g\u00e9nero que pudiesen sesgar su accionar,\u00a0 desarrollar\u00a0 capacitaciones en nuevas masculinidades y socializar los servicios que brinda cada instituci\u00f3n en relaci\u00f3n a la violencia de g\u00e9nero.<\/p>\n<p>En el eje de atenci\u00f3n y protecci\u00f3n se estableci\u00f3 articular acciones por medio de la conformaci\u00f3n de una mesa de protecci\u00f3n; crear planes locales de acci\u00f3n para poner fin a la violencia contra las mujeres y las ni\u00f1as conjuntamente con instituciones del Estado,\u00a0 organizaciones sociales y otras organizaciones de la sociedad civil.<\/p>\n<p>En el eje de reparaci\u00f3n se acord\u00f3 socializar a la poblaci\u00f3n en general el contenido del Decreto 370-bono por femicidio; trabajar permanentemente en la reeducaci\u00f3n de los agresores y realizar campa\u00f1as educativas a las ni\u00f1as, ni\u00f1os y adolescentes v\u00edctimas de violencia, donde se reconozca la restituci\u00f3n de derecho a la educaci\u00f3n.<\/p>\n<p>Lourdes Euvin, Presidenta de la Fundaci\u00f3n Mar\u00eda Guare, manifest\u00f3 que \u201cestas mesas buscan la reflexi\u00f3n del Estado y la sociedad en acciones conjuntas y poner fin a la vulneraci\u00f3n de los derechos de la mujer\u201d.<\/p>\n<p>En este sentido se realizar\u00e1n reuniones permanentes para dar seguimiento a la resoluci\u00f3n de los nudos cr\u00edticos y as\u00ed buscar soluciones permanentes que garantices los derechos de las mujeres v\u00edctimas de violencia.<\/p>\n<p>&nbsp;<\/p>\n","protected":false},"excerpt":{"rendered":"<p class=\"excerpt\">Guayaquil, 21 de noviembre de 2022.- \u00a0Con la participaci\u00f3n de aproximadamente 50 personas\u00a0 se realiz\u00f3 la mesa de di\u00e1logo de mujeres con la finalidad de fortalecer el Sistema Nacional Integral para Prevenir y Erradicar la Violencia contra las Mujeres, implementando pol\u00edticas p\u00fablicas construidas de manera participativa y acorde a las problem\u00e1ticas de cada territorio. Esta mesa\u00a0 fue liderada por la&hellip; <a href=\"https:\/\/www.ministeriodegobierno.gob.ec\/derechoshumanos\/2022\/11\/21\/mesa-para-prevenir-y-erradicar-la-violencia-contra-las-mujeres-se-realizo-en-guayas\/\">Read more &rarr;<\/a><\/p>\n","protected":false},"author":6,"featured_media":14089,"comment_status":"closed","ping_status":"closed","sticky":false,"template":"","format":"standard","meta":{"footnotes":""},"categories":[20,5,6],"tags":[],"class_list":["post-14088","post","type-post","status-publish","format-standard","has-post-thumbnail","hentry","category-boletin-de-prensa","category-noticias","category-noticias-destacadas","xfolkentry"],"_links":{"self":[{"href":"https:\/\/www.ministeriodegobierno.gob.ec\/derechoshumanos\/wp-json\/wp\/v2\/posts\/14088","targetHints":{"allow":["GET"]}}],"collection":[{"href":"https:\/\/www.ministeriodegobierno.gob.ec\/derechoshumanos\/wp-json\/wp\/v2\/posts"}],"about":[{"href":"https:\/\/www.ministeriodegobierno.gob.ec\/derechoshumanos\/wp-json\/wp\/v2\/types\/post"}],"author":[{"embeddable":true,"href":"https:\/\/www.ministeriodegobierno.gob.ec\/derechoshumanos\/wp-json\/wp\/v2\/users\/6"}],"replies":[{"embeddable":true,"href":"https:\/\/www.ministeriodegobierno.gob.ec\/derechoshumanos\/wp-json\/wp\/v2\/comments?post=14088"}],"version-history":[{"count":1,"href":"https:\/\/www.ministeriodegobierno.gob.ec\/derechoshumanos\/wp-json\/wp\/v2\/posts\/14088\/revisions"}],"predecessor-version":[{"id":14090,"href":"https:\/\/www.ministeriodegobierno.gob.ec\/derechoshumanos\/wp-json\/wp\/v2\/posts\/14088\/revisions\/14090"}],"wp:featuredmedia":[{"embeddable":true,"href":"https:\/\/www.ministeriodegobierno.gob.ec\/derechoshumanos\/wp-json\/wp\/v2\/media\/14089"}],"wp:attachment":[{"href":"https:\/\/www.ministeriodegobierno.gob.ec\/derechoshumanos\/wp-json\/wp\/v2\/media?parent=14088"}],"wp:term":[{"taxonomy":"category","embeddable":true,"href":"https:\/\/www.ministeriodegobierno.gob.ec\/derechoshumanos\/wp-json\/wp\/v2\/categories?post=14088"},{"taxonomy":"post_tag","embeddable":true,"href":"https:\/\/www.ministeriodegobierno.gob.ec\/derechoshumanos\/wp-json\/wp\/v2\/tags?post=14088"}],"curies":[{"name":"wp","href":"https:\/\/api.w.org\/{rel}","templated":true}]}}