{"id":14091,"date":"2022-11-30T08:30:35","date_gmt":"2022-11-30T13:30:35","guid":{"rendered":"https:\/\/www.derechoshumanos.gob.ec\/?p=14091"},"modified":"2022-11-30T08:31:02","modified_gmt":"2022-11-30T13:31:02","slug":"ecuador-pais-pionero-en-america-latina-en-instaurar-registro-unico-de-violencia","status":"publish","type":"post","link":"https:\/\/www.ministeriodegobierno.gob.ec\/derechoshumanos\/2022\/11\/30\/ecuador-pais-pionero-en-america-latina-en-instaurar-registro-unico-de-violencia\/","title":{"rendered":"ECUADOR, PA\u00cdS PIONERO EN AM\u00c9RICA LATINA EN INSTAURAR REGISTRO \u00daNICO DE VIOLENCIA"},"content":{"rendered":"<p>Quito, Ecuador. Ecuador instaura un Registro \u00danico de Violencia (RUV) con el objetivo de evitar la revictimizaci\u00f3n y generar pol\u00edticas p\u00fablicas territorializadas para prevenir y erradicar la violencia contra las mujeres. La primera fase de este hito fue presentado la noche del mi\u00e9rcoles 29 de noviembre por el presidente de la Rep\u00fablica, Guillermo Lasso, quien adem\u00e1s oficializ\u00f3 la creaci\u00f3n del Ministerio de<br \/>\nla Mujer y Derechos Humanos mediante la suscripci\u00f3n de Decreto Ejecutivo .<br \/>\nDurante su alocuci\u00f3n, el Jefe de Estado expres\u00f3 que estas acciones se alinean al firme compromiso del Gobierno del Encuentro de dar respuesta a las justas peticiones de grupos y colectivos de mujeres. \u201c Desde el primer d\u00eda de gobierno dije que usar\u00edamos todas las herramientas a nuestro alcance para frenar esta lacra social. Y hoy estamos pagando una deuda hist\u00f3rica de anteriores gobiernos con nuestras ni\u00f1as y mujeres\u201d, dijo Lasso.<br \/>\nEn esta l\u00ednea, explic\u00f3 que el RUV recoger\u00e1 el historial de v\u00edctimas de violencia, con la articulaci\u00f3n denueve instituciones del Sistema Nacional para Prevenir y Erradicar la Violencia contra las Mujeres: Consejo de la Judicatura, Fiscal\u00eda General del Estado, Ministerio de Educaci\u00f3n, Ministerio de Inclusi\u00f3n Econ\u00f3mica y Social, Ministerio del Interior, Ministerio de Salud P\u00fablica, Polic\u00eda Nacional, Sistema Integrado de Seguridad ECU 911, y la Secretar\u00eda de Derechos Humanos. \u201cToda esta informaci\u00f3n nos permitir\u00e1 evaluar el nivel de riesgo, para actuar con rapidez, prevenir un femicidio o definir qu\u00e9 atenci\u00f3n debe recibir la v\u00edctima\u201d, explic\u00f3.<br \/>\nAsimismo, el Presidente de la Rep\u00fablica oficializ\u00f3 en este acto la creaci\u00f3n del Ministerio de la Mujer y Derechos Humanos; entidad que estar\u00e1 liderada por Paola Flores. Guillermo Lasso detall\u00f3 que esta cartera de Estado adem\u00e1s de ejercer todas las competencias de la Secretar\u00eda de Derechos Humanos \u201cse encargar\u00e1 de construir pol\u00edticas, estrategias y acciones para promover una tolerancia cero a la violencia contra las mujeres y dar facilidades para el ejercicio pleno de sus derechos\u201d .<br \/>\nAdem\u00e1s, se coordinar\u00e1 con el Ministerio del Trabajo, MIES y otras entidades, para mejorar las condiciones laborales de las mujeres. \u201cQueremos reducir brechas de g\u00e9nero, evitar discriminaci\u00f3n, lograr equidad salarial y generar m\u00e1s oportunidades de emprendimiento\u201d, declar\u00f3 el Mandatario, al tiempo que resalt\u00f3 que las casas de acogida ser\u00e1n declaradas como parte de la pol\u00edtica de atenci\u00f3n a fin de fortalecer sus servicios con \u00e9nfasis en el \u00e1rea rural.<br \/>\nConsecuentemente, Paola Flores, ministra de la Mujer y Derechos Humanos, expres\u00f3 su benepl\u00e1cito de llevar las riendas de este ministerio, el cual ahora se cristaliza \u201cgracias a la voluntad pol\u00edtica del se\u00f1or Presidente (\u2026). Y se constituye en un gran logro para las mujeres y ni\u00f1as del pa\u00eds\u201d, sostuvo. A ello agreg\u00f3 que el trabajo de su entidad ha permitido brindar 48.000 atenciones efectivas a victimas de violencia en los 45 puntos a nivel nacional. Adem\u00e1s, anticip\u00f3 que para fortalecer la prevenci\u00f3n de la violencia, hasta 2025, se abrir\u00e1n los \u201cpuntos violeta\u201d en las 24 provincias del Ecuador, siendo Esmeraldas y Sucumb\u00edos las primeras localidades en donde funcionar\u00e1n.<br \/>\nPor su parte, Michel Geurts, Embajador de la Uni\u00f3n Europea (UE) en Ecuador, destac\u00f3: \u201cestamos muy orgullosos de unir nuestras fuerzas a nivel global\u201d , espec\u00edficamente mediante la iniciativa Spotlight -una campa\u00f1a conjunta de la Uni\u00f3n Europea y las Naciones Unidas orientada a eliminar todas las<br \/>\nformas de violencia contra las mujeres y las ni\u00f1as. Por ello, destac\u00f3 que para el RUV, la UE ha contribuido con USD 3 millones, y para la segunda fase invertir\u00e1 un mill\u00f3n adicional. Geurts apunt\u00f3 que esto \u201cno ser\u00eda posible sin el apoyo y compromiso del presidente Guillermo Lasso\u201d.<br \/>\nA ello, Matilde Mordt, representante residente del Programa de Naciones Unidas para el Desarrollo (PNUD) en Ecuador, agreg\u00f3 que la violencia a la mujer impide el correcto desarrollo de la sociedad, por lo que celebr\u00f3 la puesta en marcha de la primera fase del RUV, herramienta que se materializa tras un a\u00f1o de trabajo coordinado entre esa entidad internacional, Secretar\u00eda de Derechos Humanos, Ministerio del Interior y el Consejo de la Judicatura.<\/p>\n","protected":false},"excerpt":{"rendered":"<p class=\"excerpt\">Quito, Ecuador. Ecuador instaura un Registro \u00danico de Violencia (RUV) con el objetivo de evitar la revictimizaci\u00f3n y generar pol\u00edticas p\u00fablicas territorializadas para prevenir y erradicar la violencia contra las mujeres. La primera fase de este hito fue presentado la noche del mi\u00e9rcoles 29 de noviembre por el presidente de la Rep\u00fablica, Guillermo Lasso, quien adem\u00e1s oficializ\u00f3 la creaci\u00f3n del&hellip; <a href=\"https:\/\/www.ministeriodegobierno.gob.ec\/derechoshumanos\/2022\/11\/30\/ecuador-pais-pionero-en-america-latina-en-instaurar-registro-unico-de-violencia\/\">Read more &rarr;<\/a><\/p>\n","protected":false},"author":6,"featured_media":14092,"comment_status":"closed","ping_status":"closed","sticky":false,"template":"","format":"standard","meta":{"footnotes":""},"categories":[20,5,6],"tags":[],"class_list":["post-14091","post","type-post","status-publish","format-standard","has-post-thumbnail","hentry","category-boletin-de-prensa","category-noticias","category-noticias-destacadas","xfolkentry"],"_links":{"self":[{"href":"https:\/\/www.ministeriodegobierno.gob.ec\/derechoshumanos\/wp-json\/wp\/v2\/posts\/14091","targetHints":{"allow":["GET"]}}],"collection":[{"href":"https:\/\/www.ministeriodegobierno.gob.ec\/derechoshumanos\/wp-json\/wp\/v2\/posts"}],"about":[{"href":"https:\/\/www.ministeriodegobierno.gob.ec\/derechoshumanos\/wp-json\/wp\/v2\/types\/post"}],"author":[{"embeddable":true,"href":"https:\/\/www.ministeriodegobierno.gob.ec\/derechoshumanos\/wp-json\/wp\/v2\/users\/6"}],"replies":[{"embeddable":true,"href":"https:\/\/www.ministeriodegobierno.gob.ec\/derechoshumanos\/wp-json\/wp\/v2\/comments?post=14091"}],"version-history":[{"count":2,"href":"https:\/\/www.ministeriodegobierno.gob.ec\/derechoshumanos\/wp-json\/wp\/v2\/posts\/14091\/revisions"}],"predecessor-version":[{"id":14094,"href":"https:\/\/www.ministeriodegobierno.gob.ec\/derechoshumanos\/wp-json\/wp\/v2\/posts\/14091\/revisions\/14094"}],"wp:featuredmedia":[{"embeddable":true,"href":"https:\/\/www.ministeriodegobierno.gob.ec\/derechoshumanos\/wp-json\/wp\/v2\/media\/14092"}],"wp:attachment":[{"href":"https:\/\/www.ministeriodegobierno.gob.ec\/derechoshumanos\/wp-json\/wp\/v2\/media?parent=14091"}],"wp:term":[{"taxonomy":"category","embeddable":true,"href":"https:\/\/www.ministeriodegobierno.gob.ec\/derechoshumanos\/wp-json\/wp\/v2\/categories?post=14091"},{"taxonomy":"post_tag","embeddable":true,"href":"https:\/\/www.ministeriodegobierno.gob.ec\/derechoshumanos\/wp-json\/wp\/v2\/tags?post=14091"}],"curies":[{"name":"wp","href":"https:\/\/api.w.org\/{rel}","templated":true}]}}