{"id":14096,"date":"2022-12-02T16:38:24","date_gmt":"2022-12-02T21:38:24","guid":{"rendered":"https:\/\/www.derechoshumanos.gob.ec\/?p=14096"},"modified":"2022-12-02T17:40:06","modified_gmt":"2022-12-02T22:40:06","slug":"foro-academico-25-anos-de-la-despenalizacion-de-la-homosexualidad-matices-de-las-diversidades-sexo-genericas-en-ecuador-se-desarrollo-en-quito","status":"publish","type":"post","link":"https:\/\/www.ministeriodegobierno.gob.ec\/derechoshumanos\/2022\/12\/02\/foro-academico-25-anos-de-la-despenalizacion-de-la-homosexualidad-matices-de-las-diversidades-sexo-genericas-en-ecuador-se-desarrollo-en-quito\/","title":{"rendered":"Foro acad\u00e9mico: \u201c25 a\u00f1os de la despenalizaci\u00f3n de la homosexualidad: matices de las diversidades sexo-gen\u00e9ricas en Ecuador\u201d se desarroll\u00f3 en Quito  \u00a0"},"content":{"rendered":"<p><strong>Quito, 2 de diciembre 2022.- <\/strong><strong>\u00a0<\/strong>En el marco de la conmemoraci\u00f3n de los 25 a\u00f1os de la despenalizaci\u00f3n de la homosexualidad en Ecuador, el Ministerio de la Mujer y Derechos Humanos conjuntamente con la Universidad Andina Sim\u00f3n Bol\u00edvar (UASB) y el Proyecto Transg\u00e9nero desarrollaron el foro acad\u00e9mico \u201c25 a\u00f1os de la despenalizaci\u00f3n de la homosexualidad: matices de las diversidades sexo-gen\u00e9ricas en Ecuador\u201d.<\/p>\n<p>Este hito permiti\u00f3 la visibilizaci\u00f3n de los colectivos de Lesbianas, Gays, Bisexuales, Transg\u00e9nero, Transexuales, Travestis e Intersex\u00a0 (LGBTI+). En este sentido, se recalca la importancia del reconocimiento de la diversidad como un acto de justicia para resistirse a las miradas totalizantes y recuperar los tonos que habilitan las diferencias.<\/p>\n<p>Con esta actividad se analizaron desde diversas perspectivas los procesos de movilizaci\u00f3n de los activismos LGBTI+ a partir de la despenalizaci\u00f3n de la homosexualidad hasta la actualidad.<\/p>\n<p>&nbsp;<\/p>\n<p>En este espacio acad\u00e9mico de reflexi\u00f3n en torno a los significados de dicho acontecimiento participaron como ponentes, Edgar Vega Suriaga, coordinador acad\u00e9mico de la maestr\u00eda en G\u00e9nero y Comunicaci\u00f3n de la UASB, Cristina Almeida, secretaria t\u00e9cnica del Consejo Nacional para la Igualdad de G\u00e9nero, Elizabeth V\u00e1squez, coordinadora Pol\u00edtica del Proyecto Transg\u00e9nero, y Fernando Sancho, director de Pol\u00edtica Integral de los Derechos de la Poblaci\u00f3n LGBTI+ del Ministerio de la Mujer y Derechos Humanos.<\/p>\n<p>&nbsp;<\/p>\n<p>&nbsp;<\/p>\n<p>&nbsp;<\/p>\n","protected":false},"excerpt":{"rendered":"<p class=\"excerpt\">Quito, 2 de diciembre 2022.- \u00a0En el marco de la conmemoraci\u00f3n de los 25 a\u00f1os de la despenalizaci\u00f3n de la homosexualidad en Ecuador, el Ministerio de la Mujer y Derechos Humanos conjuntamente con la Universidad Andina Sim\u00f3n Bol\u00edvar (UASB) y el Proyecto Transg\u00e9nero desarrollaron el foro acad\u00e9mico \u201c25 a\u00f1os de la despenalizaci\u00f3n de la homosexualidad: matices de las diversidades sexo-gen\u00e9ricas&hellip; <a href=\"https:\/\/www.ministeriodegobierno.gob.ec\/derechoshumanos\/2022\/12\/02\/foro-academico-25-anos-de-la-despenalizacion-de-la-homosexualidad-matices-de-las-diversidades-sexo-genericas-en-ecuador-se-desarrollo-en-quito\/\">Read more &rarr;<\/a><\/p>\n","protected":false},"author":6,"featured_media":14097,"comment_status":"closed","ping_status":"closed","sticky":false,"template":"","format":"standard","meta":{"footnotes":""},"categories":[20,19,5],"tags":[],"class_list":["post-14096","post","type-post","status-publish","format-standard","has-post-thumbnail","hentry","category-boletin-de-prensa","category-la-secretaria","category-noticias","xfolkentry"],"_links":{"self":[{"href":"https:\/\/www.ministeriodegobierno.gob.ec\/derechoshumanos\/wp-json\/wp\/v2\/posts\/14096","targetHints":{"allow":["GET"]}}],"collection":[{"href":"https:\/\/www.ministeriodegobierno.gob.ec\/derechoshumanos\/wp-json\/wp\/v2\/posts"}],"about":[{"href":"https:\/\/www.ministeriodegobierno.gob.ec\/derechoshumanos\/wp-json\/wp\/v2\/types\/post"}],"author":[{"embeddable":true,"href":"https:\/\/www.ministeriodegobierno.gob.ec\/derechoshumanos\/wp-json\/wp\/v2\/users\/6"}],"replies":[{"embeddable":true,"href":"https:\/\/www.ministeriodegobierno.gob.ec\/derechoshumanos\/wp-json\/wp\/v2\/comments?post=14096"}],"version-history":[{"count":2,"href":"https:\/\/www.ministeriodegobierno.gob.ec\/derechoshumanos\/wp-json\/wp\/v2\/posts\/14096\/revisions"}],"predecessor-version":[{"id":14099,"href":"https:\/\/www.ministeriodegobierno.gob.ec\/derechoshumanos\/wp-json\/wp\/v2\/posts\/14096\/revisions\/14099"}],"wp:featuredmedia":[{"embeddable":true,"href":"https:\/\/www.ministeriodegobierno.gob.ec\/derechoshumanos\/wp-json\/wp\/v2\/media\/14097"}],"wp:attachment":[{"href":"https:\/\/www.ministeriodegobierno.gob.ec\/derechoshumanos\/wp-json\/wp\/v2\/media?parent=14096"}],"wp:term":[{"taxonomy":"category","embeddable":true,"href":"https:\/\/www.ministeriodegobierno.gob.ec\/derechoshumanos\/wp-json\/wp\/v2\/categories?post=14096"},{"taxonomy":"post_tag","embeddable":true,"href":"https:\/\/www.ministeriodegobierno.gob.ec\/derechoshumanos\/wp-json\/wp\/v2\/tags?post=14096"}],"curies":[{"name":"wp","href":"https:\/\/api.w.org\/{rel}","templated":true}]}}