{"id":14101,"date":"2022-12-06T10:23:09","date_gmt":"2022-12-06T15:23:09","guid":{"rendered":"https:\/\/www.derechoshumanos.gob.ec\/?p=14101"},"modified":"2022-12-06T10:23:09","modified_gmt":"2022-12-06T15:23:09","slug":"taller-de-prevencion-de-violencia-basada-en-genero-se-realizo-en-machala","status":"publish","type":"post","link":"https:\/\/www.ministeriodegobierno.gob.ec\/derechoshumanos\/2022\/12\/06\/taller-de-prevencion-de-violencia-basada-en-genero-se-realizo-en-machala\/","title":{"rendered":"Taller de prevenci\u00f3n de violencia basada en g\u00e9nero se realiz\u00f3 en Machala"},"content":{"rendered":"<p><strong>Machala, 6 de diciembre de 2022.-<\/strong> El Ministerio de la Mujer y Derechos Humanos capacit\u00f3 a 65 estudiantes del \u201cColegio Kl\u00e9ber Franco Cruz\u201d en prevenci\u00f3n de la violencia basada en g\u00e9nero mediante un taller denominado: <em>\u201c<\/em>Violencia en las relaciones de pareja: Mitos y Realidades\u201d.<\/p>\n<p>Esta actividad se realiz\u00f3 en el sal\u00f3n de reuniones de la instituci\u00f3n educativa como parte del \u201cProyecto de Seguridad Estudiantil: Juntos por Nuestros J\u00f3venes\u201d, organizado por la Gobernaci\u00f3n de la Provincia de El Oro y con la participaci\u00f3n del ECU 911, Ministerio de Educaci\u00f3n, Polic\u00eda Nacional, Cuerpo de Bomberos, Ministerio de Salud, Movimiento de Mujeres de El Oro y esta cartera de Estado.<\/p>\n<p>El objetivo principal fue dar a conocer a los adolescentes los mecanismos de protecci\u00f3n, el procedimiento a seguir y a d\u00f3nde deben acudir en casos de violencia dentro del \u00e1mbito educativo e intrafamiliar.<\/p>\n<p>Sophia Cueva Mej\u00eda, coordinadora de la Oficina T\u00e9cnica 7, indic\u00f3: \u201cel Ministerio de la Mujer y Derechos Humanos, como ente rector de la pol\u00edtica p\u00fablica para prevenir y erradicar la violencia contra las mujeres, ejecuta acciones respecto al eje preventivo mediante la sensibilizaci\u00f3n a adolescentes en tem\u00e1ticas de g\u00e9nero, para fortalecer el conocimiento sobre el procedimiento a seguir en caso de violencia y precautelar sus derechos en los \u00e1mbitos familiar y educativo.\u201d<\/p>\n<p><strong>\u00a0<\/strong><\/p>\n","protected":false},"excerpt":{"rendered":"<p class=\"excerpt\">Machala, 6 de diciembre de 2022.- El Ministerio de la Mujer y Derechos Humanos capacit\u00f3 a 65 estudiantes del \u201cColegio Kl\u00e9ber Franco Cruz\u201d en prevenci\u00f3n de la violencia basada en g\u00e9nero mediante un taller denominado: \u201cViolencia en las relaciones de pareja: Mitos y Realidades\u201d. Esta actividad se realiz\u00f3 en el sal\u00f3n de reuniones de la instituci\u00f3n educativa como parte del&hellip; <a href=\"https:\/\/www.ministeriodegobierno.gob.ec\/derechoshumanos\/2022\/12\/06\/taller-de-prevencion-de-violencia-basada-en-genero-se-realizo-en-machala\/\">Read more &rarr;<\/a><\/p>\n","protected":false},"author":6,"featured_media":14102,"comment_status":"closed","ping_status":"closed","sticky":false,"template":"","format":"standard","meta":{"footnotes":""},"categories":[20,19,5],"tags":[36,46,58,59],"class_list":["post-14101","post","type-post","status-publish","format-standard","has-post-thumbnail","hentry","category-boletin-de-prensa","category-la-secretaria","category-noticias","tag-ddhh-ecuador","tag-erradicaccion-de-la-violencia-contra-las-mujeres","tag-prevencion","tag-violencia-de-genero","xfolkentry"],"_links":{"self":[{"href":"https:\/\/www.ministeriodegobierno.gob.ec\/derechoshumanos\/wp-json\/wp\/v2\/posts\/14101","targetHints":{"allow":["GET"]}}],"collection":[{"href":"https:\/\/www.ministeriodegobierno.gob.ec\/derechoshumanos\/wp-json\/wp\/v2\/posts"}],"about":[{"href":"https:\/\/www.ministeriodegobierno.gob.ec\/derechoshumanos\/wp-json\/wp\/v2\/types\/post"}],"author":[{"embeddable":true,"href":"https:\/\/www.ministeriodegobierno.gob.ec\/derechoshumanos\/wp-json\/wp\/v2\/users\/6"}],"replies":[{"embeddable":true,"href":"https:\/\/www.ministeriodegobierno.gob.ec\/derechoshumanos\/wp-json\/wp\/v2\/comments?post=14101"}],"version-history":[{"count":1,"href":"https:\/\/www.ministeriodegobierno.gob.ec\/derechoshumanos\/wp-json\/wp\/v2\/posts\/14101\/revisions"}],"predecessor-version":[{"id":14103,"href":"https:\/\/www.ministeriodegobierno.gob.ec\/derechoshumanos\/wp-json\/wp\/v2\/posts\/14101\/revisions\/14103"}],"wp:featuredmedia":[{"embeddable":true,"href":"https:\/\/www.ministeriodegobierno.gob.ec\/derechoshumanos\/wp-json\/wp\/v2\/media\/14102"}],"wp:attachment":[{"href":"https:\/\/www.ministeriodegobierno.gob.ec\/derechoshumanos\/wp-json\/wp\/v2\/media?parent=14101"}],"wp:term":[{"taxonomy":"category","embeddable":true,"href":"https:\/\/www.ministeriodegobierno.gob.ec\/derechoshumanos\/wp-json\/wp\/v2\/categories?post=14101"},{"taxonomy":"post_tag","embeddable":true,"href":"https:\/\/www.ministeriodegobierno.gob.ec\/derechoshumanos\/wp-json\/wp\/v2\/tags?post=14101"}],"curies":[{"name":"wp","href":"https:\/\/api.w.org\/{rel}","templated":true}]}}