{"id":14105,"date":"2022-12-06T12:28:31","date_gmt":"2022-12-06T17:28:31","guid":{"rendered":"https:\/\/www.derechoshumanos.gob.ec\/?p=14105"},"modified":"2022-12-06T12:28:31","modified_gmt":"2022-12-06T17:28:31","slug":"caminata-en-conmemoracion-al-dia-de-la-eliminacion-de-la-violencia-contra-la-mujer-se-desarrollo-en-pinas","status":"publish","type":"post","link":"https:\/\/www.ministeriodegobierno.gob.ec\/derechoshumanos\/2022\/12\/06\/caminata-en-conmemoracion-al-dia-de-la-eliminacion-de-la-violencia-contra-la-mujer-se-desarrollo-en-pinas\/","title":{"rendered":"Caminata en Conmemoraci\u00f3n al \u201cD\u00eda de la Eliminaci\u00f3n de la Violencia Contra la Mujer\u201d se desarroll\u00f3 en Pi\u00f1as"},"content":{"rendered":"<p><strong>Pi\u00f1as, 6 de diciembre de 2022<\/strong>.- El Ministerio de la Mujer y Derechos Humanos particip\u00f3, a trav\u00e9s de su equipo de Servicio de Protecci\u00f3n Integral, en la caminata realizada en conmemoraci\u00f3n al D\u00eda de la Eliminaci\u00f3n de la Violencia Contra la Mujer organizada por el Consejo Cantonal de Protecci\u00f3n de Derechos.<\/p>\n<p>La actividad se desarroll\u00f3 desde los exteriores de la Escuela Dr. Gonzalo Abad Grijalva y recorri\u00f3 las diferentes calles de la ciudad, culminando con un programa en el Palacio Municipal.<\/p>\n<p>El objetivo de esta acci\u00f3n fue sensibilizar a la poblaci\u00f3n sobre la violencia basada en g\u00e9nero y las rutas de atenci\u00f3n en casos de violencia.<\/p>\n<p>Al respecto, Sophia Cueva Mej\u00eda, coordinadora de la Oficina T\u00e9cnica 7, indic\u00f3: \u201cesta cartera de Estado trabaja para construir una sociedad igualitaria, cambiar la historia para miles de ni\u00f1as y mujeres es nuestro impulso y fortalecer esfuerzos para que tengan una vida libre de violencia es nuestro objetivo\u201d.<\/p>\n","protected":false},"excerpt":{"rendered":"<p class=\"excerpt\">Pi\u00f1as, 6 de diciembre de 2022.- El Ministerio de la Mujer y Derechos Humanos particip\u00f3, a trav\u00e9s de su equipo de Servicio de Protecci\u00f3n Integral, en la caminata realizada en conmemoraci\u00f3n al D\u00eda de la Eliminaci\u00f3n de la Violencia Contra la Mujer organizada por el Consejo Cantonal de Protecci\u00f3n de Derechos. La actividad se desarroll\u00f3 desde los exteriores de la&hellip; <a href=\"https:\/\/www.ministeriodegobierno.gob.ec\/derechoshumanos\/2022\/12\/06\/caminata-en-conmemoracion-al-dia-de-la-eliminacion-de-la-violencia-contra-la-mujer-se-desarrollo-en-pinas\/\">Read more &rarr;<\/a><\/p>\n","protected":false},"author":6,"featured_media":14106,"comment_status":"closed","ping_status":"closed","sticky":false,"template":"","format":"standard","meta":{"footnotes":""},"categories":[20,19,5],"tags":[60,36,35,58],"class_list":["post-14105","post","type-post","status-publish","format-standard","has-post-thumbnail","hentry","category-boletin-de-prensa","category-la-secretaria","category-noticias","tag-25n","tag-ddhh-ecuador","tag-mujeres","tag-prevencion","xfolkentry"],"_links":{"self":[{"href":"https:\/\/www.ministeriodegobierno.gob.ec\/derechoshumanos\/wp-json\/wp\/v2\/posts\/14105","targetHints":{"allow":["GET"]}}],"collection":[{"href":"https:\/\/www.ministeriodegobierno.gob.ec\/derechoshumanos\/wp-json\/wp\/v2\/posts"}],"about":[{"href":"https:\/\/www.ministeriodegobierno.gob.ec\/derechoshumanos\/wp-json\/wp\/v2\/types\/post"}],"author":[{"embeddable":true,"href":"https:\/\/www.ministeriodegobierno.gob.ec\/derechoshumanos\/wp-json\/wp\/v2\/users\/6"}],"replies":[{"embeddable":true,"href":"https:\/\/www.ministeriodegobierno.gob.ec\/derechoshumanos\/wp-json\/wp\/v2\/comments?post=14105"}],"version-history":[{"count":1,"href":"https:\/\/www.ministeriodegobierno.gob.ec\/derechoshumanos\/wp-json\/wp\/v2\/posts\/14105\/revisions"}],"predecessor-version":[{"id":14107,"href":"https:\/\/www.ministeriodegobierno.gob.ec\/derechoshumanos\/wp-json\/wp\/v2\/posts\/14105\/revisions\/14107"}],"wp:featuredmedia":[{"embeddable":true,"href":"https:\/\/www.ministeriodegobierno.gob.ec\/derechoshumanos\/wp-json\/wp\/v2\/media\/14106"}],"wp:attachment":[{"href":"https:\/\/www.ministeriodegobierno.gob.ec\/derechoshumanos\/wp-json\/wp\/v2\/media?parent=14105"}],"wp:term":[{"taxonomy":"category","embeddable":true,"href":"https:\/\/www.ministeriodegobierno.gob.ec\/derechoshumanos\/wp-json\/wp\/v2\/categories?post=14105"},{"taxonomy":"post_tag","embeddable":true,"href":"https:\/\/www.ministeriodegobierno.gob.ec\/derechoshumanos\/wp-json\/wp\/v2\/tags?post=14105"}],"curies":[{"name":"wp","href":"https:\/\/api.w.org\/{rel}","templated":true}]}}