{"id":14108,"date":"2022-12-06T14:12:37","date_gmt":"2022-12-06T19:12:37","guid":{"rendered":"https:\/\/www.derechoshumanos.gob.ec\/?p=14108"},"modified":"2022-12-06T14:12:37","modified_gmt":"2022-12-06T19:12:37","slug":"ministerio-de-la-mujer-y-derechos-humanos-dialogo-con-las-mujeres-de-cotopaxi-chimborazo-tungurahua-y-pastaza","status":"publish","type":"post","link":"https:\/\/www.ministeriodegobierno.gob.ec\/derechoshumanos\/2022\/12\/06\/ministerio-de-la-mujer-y-derechos-humanos-dialogo-con-las-mujeres-de-cotopaxi-chimborazo-tungurahua-y-pastaza\/","title":{"rendered":"Ministerio de la Mujer y Derechos Humanos dialog\u00f3 con las mujeres de Cotopaxi, Chimborazo, Tungurahua y Pastaza"},"content":{"rendered":"<p><strong>Riobamba, 6 de diciembre de 2022.-<\/strong> El Gobierno Nacional, a trav\u00e9s del Ministerio de la Mujer y Derechos Humanos, contin\u00faa en el proceso de di\u00e1logo con las mujeres del pa\u00eds a trav\u00e9s de mesas tem\u00e1ticas que permitir\u00e1n la construcci\u00f3n de pol\u00edticas p\u00fablicas para luchar contra la violencia hacia las mujeres.<\/p>\n<p>En este marco, realiz\u00f3 el proceso en la Zona 3 en coordinaci\u00f3n con el\u00a0 Ministerio de Gobierno, sociedad civil y los representantes del ejecutivo a trav\u00e9s de las gobernaciones de Cotopaxi, Tungurahua, Pastaza y Chimborazo.<\/p>\n<p>Las mesas se desarrollaron desde el 15 al 29 de noviembre del 2022 con la participaci\u00f3n de 72 asistentes en Chimborazo, 65 en Pastaza, 55 en Tungurahua y 30 personas en Cotopaxi.<\/p>\n<p>El principal objetivo fue realizar un diagn\u00f3stico territorial donde se propusieron l\u00edneas de acci\u00f3n a trav\u00e9s de la construcci\u00f3n participativa de pol\u00edticas p\u00fablicas para prevenir y erradicar todo tipo de violencia contra las mujeres.<\/p>\n<p>Vanessa Barros, responsable de la oficina t\u00e9cnica 3 del Ministerio, se\u00f1al\u00f3 que: \u201cfortalecer nuestras capacidades para la atenci\u00f3n a v\u00edctimas de violencia de g\u00e9nero, es uno de nuestros objetivos y gracias a las mesas de di\u00e1logo Provinciales en conjunto con las Gobernaciones y Sociedad Civil lo estamos logrando\u201d.<\/p>\n<p>Desde el Ministerio de la Mujer y Derechos Humanos se generan acciones inmediatas para prevenir y erradicar la violencia contra las mujeres, ni\u00f1as, ni\u00f1os y adolescentes en el pa\u00eds.<\/p>\n<p>&nbsp;<\/p>\n","protected":false},"excerpt":{"rendered":"<p class=\"excerpt\">Riobamba, 6 de diciembre de 2022.- El Gobierno Nacional, a trav\u00e9s del Ministerio de la Mujer y Derechos Humanos, contin\u00faa en el proceso de di\u00e1logo con las mujeres del pa\u00eds a trav\u00e9s de mesas tem\u00e1ticas que permitir\u00e1n la construcci\u00f3n de pol\u00edticas p\u00fablicas para luchar contra la violencia hacia las mujeres. En este marco, realiz\u00f3 el proceso en la Zona 3&hellip; <a href=\"https:\/\/www.ministeriodegobierno.gob.ec\/derechoshumanos\/2022\/12\/06\/ministerio-de-la-mujer-y-derechos-humanos-dialogo-con-las-mujeres-de-cotopaxi-chimborazo-tungurahua-y-pastaza\/\">Read more &rarr;<\/a><\/p>\n","protected":false},"author":8,"featured_media":14109,"comment_status":"closed","ping_status":"closed","sticky":false,"template":"","format":"standard","meta":{"footnotes":""},"categories":[20,5,6],"tags":[57],"class_list":["post-14108","post","type-post","status-publish","format-standard","has-post-thumbnail","hentry","category-boletin-de-prensa","category-noticias","category-noticias-destacadas","tag-dialogo-con-mujeres","xfolkentry"],"_links":{"self":[{"href":"https:\/\/www.ministeriodegobierno.gob.ec\/derechoshumanos\/wp-json\/wp\/v2\/posts\/14108","targetHints":{"allow":["GET"]}}],"collection":[{"href":"https:\/\/www.ministeriodegobierno.gob.ec\/derechoshumanos\/wp-json\/wp\/v2\/posts"}],"about":[{"href":"https:\/\/www.ministeriodegobierno.gob.ec\/derechoshumanos\/wp-json\/wp\/v2\/types\/post"}],"author":[{"embeddable":true,"href":"https:\/\/www.ministeriodegobierno.gob.ec\/derechoshumanos\/wp-json\/wp\/v2\/users\/8"}],"replies":[{"embeddable":true,"href":"https:\/\/www.ministeriodegobierno.gob.ec\/derechoshumanos\/wp-json\/wp\/v2\/comments?post=14108"}],"version-history":[{"count":1,"href":"https:\/\/www.ministeriodegobierno.gob.ec\/derechoshumanos\/wp-json\/wp\/v2\/posts\/14108\/revisions"}],"predecessor-version":[{"id":14110,"href":"https:\/\/www.ministeriodegobierno.gob.ec\/derechoshumanos\/wp-json\/wp\/v2\/posts\/14108\/revisions\/14110"}],"wp:featuredmedia":[{"embeddable":true,"href":"https:\/\/www.ministeriodegobierno.gob.ec\/derechoshumanos\/wp-json\/wp\/v2\/media\/14109"}],"wp:attachment":[{"href":"https:\/\/www.ministeriodegobierno.gob.ec\/derechoshumanos\/wp-json\/wp\/v2\/media?parent=14108"}],"wp:term":[{"taxonomy":"category","embeddable":true,"href":"https:\/\/www.ministeriodegobierno.gob.ec\/derechoshumanos\/wp-json\/wp\/v2\/categories?post=14108"},{"taxonomy":"post_tag","embeddable":true,"href":"https:\/\/www.ministeriodegobierno.gob.ec\/derechoshumanos\/wp-json\/wp\/v2\/tags?post=14108"}],"curies":[{"name":"wp","href":"https:\/\/api.w.org\/{rel}","templated":true}]}}