{"id":14111,"date":"2022-12-08T11:35:07","date_gmt":"2022-12-08T16:35:07","guid":{"rendered":"https:\/\/www.derechoshumanos.gob.ec\/?p=14111"},"modified":"2022-12-08T11:37:04","modified_gmt":"2022-12-08T16:37:04","slug":"caminata-y-casa-abierta-en-conmemoracion-al-dia-de-la-eliminacion-de-la-violencia-contra-la-mujer-se-desarrollaron-en-portovelo","status":"publish","type":"post","link":"https:\/\/www.ministeriodegobierno.gob.ec\/derechoshumanos\/2022\/12\/08\/caminata-y-casa-abierta-en-conmemoracion-al-dia-de-la-eliminacion-de-la-violencia-contra-la-mujer-se-desarrollaron-en-portovelo\/","title":{"rendered":"Caminata y Casa Abierta en conmemoraci\u00f3n al D\u00eda de la Eliminaci\u00f3n de la Violencia contra la Mujer se desarrollaron en Portovelo"},"content":{"rendered":"<p><strong>Portovelo, 8 de diciembre de 2022.-<\/strong> El Ministerio de la Mujer\u00a0 y\u00a0 Derechos Humanos, a trav\u00e9s del Servicio de Protecci\u00f3n Integral, particip\u00f3 en la caminata y Casa Abierta con el tema \u201c<em>Portovelo con rostro de mujer\u201d,<\/em> evento realizado en conmemoraci\u00f3n al D\u00eda de la Eliminaci\u00f3n de la Violencia contra la Mujer.<\/p>\n<p>La caminata inici\u00f3 en los exteriores de la Unidad Educativa \u201c13 de Mayo\u201d y culmin\u00f3 en la plazoleta central de la ciudad, con la presentaci\u00f3n de un programa cultural y una casa abierta, en donde se cont\u00f3 con la participaci\u00f3n de distintas instituciones que dieron a conocer a la ciudadan\u00eda los servicios brindan para las mujeres v\u00edctimas de violencia.<\/p>\n<p>El Consejo Cantonal de Protecci\u00f3n de Derechos, en coordinaci\u00f3n con esta cartera de Estado y el Movimiento de Mujeres El Oro lideraron este evento con el objetivo de fomentar la construcci\u00f3n de una sociedad m\u00e1s justa y equitativa con las mujeres, reconociendo sus esfuerzos, espacios de igualdad y la construcci\u00f3n de una cultura de paz.<\/p>\n<p>Sophia Cueva Mej\u00eda, coordinadora de la Oficina T\u00e9cnica 7, indic\u00f3: \u201cesta instituci\u00f3n vela por los derechos de ni\u00f1as y mujeres, por generar espacios seguros en todo el pa\u00eds, esto se concreta con acciones interinstitucionales entre el Ejecutivo, los GAD\u00b4S y por supuesto las organizaciones de la sociedad civil.\u201d<\/p>\n","protected":false},"excerpt":{"rendered":"<p class=\"excerpt\">Portovelo, 8 de diciembre de 2022.- El Ministerio de la Mujer\u00a0 y\u00a0 Derechos Humanos, a trav\u00e9s del Servicio de Protecci\u00f3n Integral, particip\u00f3 en la caminata y Casa Abierta con el tema \u201cPortovelo con rostro de mujer\u201d, evento realizado en conmemoraci\u00f3n al D\u00eda de la Eliminaci\u00f3n de la Violencia contra la Mujer. La caminata inici\u00f3 en los exteriores de la Unidad&hellip; <a href=\"https:\/\/www.ministeriodegobierno.gob.ec\/derechoshumanos\/2022\/12\/08\/caminata-y-casa-abierta-en-conmemoracion-al-dia-de-la-eliminacion-de-la-violencia-contra-la-mujer-se-desarrollaron-en-portovelo\/\">Read more &rarr;<\/a><\/p>\n","protected":false},"author":6,"featured_media":14112,"comment_status":"closed","ping_status":"closed","sticky":false,"template":"","format":"standard","meta":{"footnotes":""},"categories":[20,5,6],"tags":[46,61],"class_list":["post-14111","post","type-post","status-publish","format-standard","has-post-thumbnail","hentry","category-boletin-de-prensa","category-noticias","category-noticias-destacadas","tag-erradicaccion-de-la-violencia-contra-las-mujeres","tag-ministerio-de-la-mujer","xfolkentry"],"_links":{"self":[{"href":"https:\/\/www.ministeriodegobierno.gob.ec\/derechoshumanos\/wp-json\/wp\/v2\/posts\/14111","targetHints":{"allow":["GET"]}}],"collection":[{"href":"https:\/\/www.ministeriodegobierno.gob.ec\/derechoshumanos\/wp-json\/wp\/v2\/posts"}],"about":[{"href":"https:\/\/www.ministeriodegobierno.gob.ec\/derechoshumanos\/wp-json\/wp\/v2\/types\/post"}],"author":[{"embeddable":true,"href":"https:\/\/www.ministeriodegobierno.gob.ec\/derechoshumanos\/wp-json\/wp\/v2\/users\/6"}],"replies":[{"embeddable":true,"href":"https:\/\/www.ministeriodegobierno.gob.ec\/derechoshumanos\/wp-json\/wp\/v2\/comments?post=14111"}],"version-history":[{"count":1,"href":"https:\/\/www.ministeriodegobierno.gob.ec\/derechoshumanos\/wp-json\/wp\/v2\/posts\/14111\/revisions"}],"predecessor-version":[{"id":14113,"href":"https:\/\/www.ministeriodegobierno.gob.ec\/derechoshumanos\/wp-json\/wp\/v2\/posts\/14111\/revisions\/14113"}],"wp:featuredmedia":[{"embeddable":true,"href":"https:\/\/www.ministeriodegobierno.gob.ec\/derechoshumanos\/wp-json\/wp\/v2\/media\/14112"}],"wp:attachment":[{"href":"https:\/\/www.ministeriodegobierno.gob.ec\/derechoshumanos\/wp-json\/wp\/v2\/media?parent=14111"}],"wp:term":[{"taxonomy":"category","embeddable":true,"href":"https:\/\/www.ministeriodegobierno.gob.ec\/derechoshumanos\/wp-json\/wp\/v2\/categories?post=14111"},{"taxonomy":"post_tag","embeddable":true,"href":"https:\/\/www.ministeriodegobierno.gob.ec\/derechoshumanos\/wp-json\/wp\/v2\/tags?post=14111"}],"curies":[{"name":"wp","href":"https:\/\/api.w.org\/{rel}","templated":true}]}}