{"id":14114,"date":"2022-12-08T13:30:21","date_gmt":"2022-12-08T18:30:21","guid":{"rendered":"https:\/\/www.derechoshumanos.gob.ec\/?p=14114"},"modified":"2022-12-08T13:30:21","modified_gmt":"2022-12-08T18:30:21","slug":"en-ibarra-se-desarrollo-foro-de-derechos-humanos-violencia-basada-en-genero-y-proteccion-integral-a-la-infancia","status":"publish","type":"post","link":"https:\/\/www.ministeriodegobierno.gob.ec\/derechoshumanos\/2022\/12\/08\/en-ibarra-se-desarrollo-foro-de-derechos-humanos-violencia-basada-en-genero-y-proteccion-integral-a-la-infancia\/","title":{"rendered":"En Ibarra se desarroll\u00f3 Foro de Derechos Humanos, Violencia basada en G\u00e9nero y Protecci\u00f3n Integral a la Infancia"},"content":{"rendered":"<p><strong>Ibarra, 7 de diciembre de 2022.- <\/strong>Con la finalidad de fortalecer las capacidades de los equipos t\u00e9cnicos de las instituciones que conforman el Sistema Local de Protecci\u00f3n de Derechos, se desarroll\u00f3 el Foro de Derechos Humanos, Violencia basada en G\u00e9nero y Protecci\u00f3n Integral a la Infancia en Ibarra.<\/p>\n<p>Aproximadamente 100 funcionarios y funcionarias de atenci\u00f3n y abordaje a v\u00edctimas de violencia participaron en esta actividad donde se abordaron las necesidades de protecci\u00f3n, asistencia a la emergencia e integraci\u00f3n, mediante el complemento y fortalecimiento de las respuestas nacionales y regionales de los sistemas locales de protecci\u00f3n de derechos.<\/p>\n<p>Carlos Espinosa Torres, director zonal 1 del Ministerio de la Mujer y Derechos Humanos, se\u00f1al\u00f3 que: \u201cestos procesos buscan incidir de manera positiva en los abordajes que se realizan a v\u00edctimas de violencia, mucho m\u00e1s si son grupos de atenci\u00f3n prioritaria, el levantamiento de informaci\u00f3n la gestor\u00eda de casos y el acompa\u00f1amiento sin lugar a dudas deben ser integrales\u201d.<\/p>\n<p>Entre los temas tratados constan el abordaje integral de la protecci\u00f3n de derechos; efectos psicosociales de la vulneraci\u00f3n de derechos; abordaje de la violencia a ni\u00f1as, ni\u00f1os y adolescentes desde un enfoque psicosocial y de derechos; la justicia como mecanismo de reparaci\u00f3n Integral y la naturalizaci\u00f3n de los diversos tipos de explotaci\u00f3n por pr\u00e1cticas culturales.<\/p>\n<p>Al finalizar el foro se acord\u00f3 involucrar en estos procesos a m\u00e1s entidades de los \u00a0gobiernos centrales y seccionales, replicar estas buenas pr\u00e1cticas en las otras provincias de frontera norte, y proponer la institucionalizaci\u00f3n de estas capacitaciones con profesionales de alto nivel, a trav\u00e9s de alianzas estrat\u00e9gicas con la academia.<\/p>\n<p>Este foro se realiz\u00f3 en el marco de la conmemoraci\u00f3n del D\u00eda Internacional de la Eliminaci\u00f3n de la Violencia contra la Mujer y fue organizado por el Ministerio de la Mujer y Derechos Humanos como ente coordinador del Grupo de Trabajo para Refugiados y Migrantes, conjuntamente con la \u00a0Organizaci\u00f3n Internacional para las Migraciones\u00a0(OIM), \u00a0la Agencia de la ONU para los Refugiados (ACNUR),\u00a0 COOPI Cooperaci\u00f3n Internacional, ONU Mujeres, HIAS, el Consejo Nacional para la Igualdad Intergeneracional, la Universidad Andina Sim\u00f3n Bol\u00edvar y la Facultad Latinoamericana de Ciencias Sociales.<\/p>\n<p><strong>\u00a0<\/strong><\/p>\n<p>&nbsp;<\/p>\n<p>&nbsp;<\/p>\n<p>&nbsp;<\/p>\n<p>&nbsp;<\/p>\n<p>&nbsp;<\/p>\n<p>&nbsp;<\/p>\n<p>&nbsp;<\/p>\n<p>&nbsp;<\/p>\n<p>&nbsp;<\/p>\n","protected":false},"excerpt":{"rendered":"<p class=\"excerpt\">Ibarra, 7 de diciembre de 2022.- Con la finalidad de fortalecer las capacidades de los equipos t\u00e9cnicos de las instituciones que conforman el Sistema Local de Protecci\u00f3n de Derechos, se desarroll\u00f3 el Foro de Derechos Humanos, Violencia basada en G\u00e9nero y Protecci\u00f3n Integral a la Infancia en Ibarra. Aproximadamente 100 funcionarios y funcionarias de atenci\u00f3n y abordaje a v\u00edctimas de&hellip; <a href=\"https:\/\/www.ministeriodegobierno.gob.ec\/derechoshumanos\/2022\/12\/08\/en-ibarra-se-desarrollo-foro-de-derechos-humanos-violencia-basada-en-genero-y-proteccion-integral-a-la-infancia\/\">Read more &rarr;<\/a><\/p>\n","protected":false},"author":6,"featured_media":14115,"comment_status":"closed","ping_status":"closed","sticky":false,"template":"","format":"standard","meta":{"footnotes":""},"categories":[20,5,6],"tags":[],"class_list":["post-14114","post","type-post","status-publish","format-standard","has-post-thumbnail","hentry","category-boletin-de-prensa","category-noticias","category-noticias-destacadas","xfolkentry"],"_links":{"self":[{"href":"https:\/\/www.ministeriodegobierno.gob.ec\/derechoshumanos\/wp-json\/wp\/v2\/posts\/14114","targetHints":{"allow":["GET"]}}],"collection":[{"href":"https:\/\/www.ministeriodegobierno.gob.ec\/derechoshumanos\/wp-json\/wp\/v2\/posts"}],"about":[{"href":"https:\/\/www.ministeriodegobierno.gob.ec\/derechoshumanos\/wp-json\/wp\/v2\/types\/post"}],"author":[{"embeddable":true,"href":"https:\/\/www.ministeriodegobierno.gob.ec\/derechoshumanos\/wp-json\/wp\/v2\/users\/6"}],"replies":[{"embeddable":true,"href":"https:\/\/www.ministeriodegobierno.gob.ec\/derechoshumanos\/wp-json\/wp\/v2\/comments?post=14114"}],"version-history":[{"count":1,"href":"https:\/\/www.ministeriodegobierno.gob.ec\/derechoshumanos\/wp-json\/wp\/v2\/posts\/14114\/revisions"}],"predecessor-version":[{"id":14116,"href":"https:\/\/www.ministeriodegobierno.gob.ec\/derechoshumanos\/wp-json\/wp\/v2\/posts\/14114\/revisions\/14116"}],"wp:featuredmedia":[{"embeddable":true,"href":"https:\/\/www.ministeriodegobierno.gob.ec\/derechoshumanos\/wp-json\/wp\/v2\/media\/14115"}],"wp:attachment":[{"href":"https:\/\/www.ministeriodegobierno.gob.ec\/derechoshumanos\/wp-json\/wp\/v2\/media?parent=14114"}],"wp:term":[{"taxonomy":"category","embeddable":true,"href":"https:\/\/www.ministeriodegobierno.gob.ec\/derechoshumanos\/wp-json\/wp\/v2\/categories?post=14114"},{"taxonomy":"post_tag","embeddable":true,"href":"https:\/\/www.ministeriodegobierno.gob.ec\/derechoshumanos\/wp-json\/wp\/v2\/tags?post=14114"}],"curies":[{"name":"wp","href":"https:\/\/api.w.org\/{rel}","templated":true}]}}