{"id":14118,"date":"2022-12-08T13:35:28","date_gmt":"2022-12-08T18:35:28","guid":{"rendered":"https:\/\/www.derechoshumanos.gob.ec\/?p=14118"},"modified":"2022-12-08T13:35:28","modified_gmt":"2022-12-08T18:35:28","slug":"servicio-de-proteccion-integral-capacito-a-policias-sobre-prevencion-de-violencia-de-genero-en-guayaquil","status":"publish","type":"post","link":"https:\/\/www.ministeriodegobierno.gob.ec\/derechoshumanos\/2022\/12\/08\/servicio-de-proteccion-integral-capacito-a-policias-sobre-prevencion-de-violencia-de-genero-en-guayaquil\/","title":{"rendered":"Servicio de Protecci\u00f3n Integral capacit\u00f3 a polic\u00edas sobre prevenci\u00f3n de violencia de g\u00e9nero en Guayaquil"},"content":{"rendered":"<p><strong>Guayaquil, 8 de diciembre 2022.- <\/strong>Como parte de las actividades en conmemoraci\u00f3n del 25 de noviembre, D\u00eda Internacional de la Eliminaci\u00f3n de la Violencia contra la Mujer, el Ministerio de la Mujer y Derechos Humanos, mediante el Servicio de Protecci\u00f3n Integral, capacit\u00f3 a 154 servidores de la Polic\u00eda Nacional de los Distritos Nueva Prosperina, Los Esteros, Florida Norte, Modelo y 09 de Octubre en temas de Identificaci\u00f3n de la violencia basada en g\u00e9nero, tipos de violencia y consecuencias psicol\u00f3gicas, y violencia basada en g\u00e9nero: tipos y consecuencias en el n\u00facleo familiar.<\/p>\n<p>Este taller se realiz\u00f3 con el objetivo de sensibilizar a los agentes que trabajan directamente con las v\u00edctimas de violencia de g\u00e9nero, para brindar una atenci\u00f3n especializada, bajo los principios de igualdad, no discriminaci\u00f3n\u00a0 y no revictimizaci\u00f3n.<\/p>\n<p><strong>\u00a0<\/strong>Melissa Cabanilla Hern\u00e1ndez, directora zonal 8, \u00a0se\u00f1al\u00f3 que: \u201cla sensibilizaci\u00f3n a polic\u00edas sobre la atenci\u00f3n a v\u00edctimas de violencia de g\u00e9nero es una herramienta fundamental para evitar la revictimizaci\u00f3n.\u201d.<\/p>\n<p>Desde el Ministerio de la Mujer y Derechos Humanos promovemos el fortalecimiento de capacidades y sensibilizaciones en temas de violencia basada en g\u00e9nero, tipos de violencia y rutas de atenci\u00f3n a v\u00edctimas de violencia.<\/p>\n<p>&nbsp;<\/p>\n","protected":false},"excerpt":{"rendered":"<p class=\"excerpt\">Guayaquil, 8 de diciembre 2022.- Como parte de las actividades en conmemoraci\u00f3n del 25 de noviembre, D\u00eda Internacional de la Eliminaci\u00f3n de la Violencia contra la Mujer, el Ministerio de la Mujer y Derechos Humanos, mediante el Servicio de Protecci\u00f3n Integral, capacit\u00f3 a 154 servidores de la Polic\u00eda Nacional de los Distritos Nueva Prosperina, Los Esteros, Florida Norte, Modelo y&hellip; <a href=\"https:\/\/www.ministeriodegobierno.gob.ec\/derechoshumanos\/2022\/12\/08\/servicio-de-proteccion-integral-capacito-a-policias-sobre-prevencion-de-violencia-de-genero-en-guayaquil\/\">Read more &rarr;<\/a><\/p>\n","protected":false},"author":6,"featured_media":14119,"comment_status":"closed","ping_status":"closed","sticky":false,"template":"","format":"standard","meta":{"footnotes":""},"categories":[20,5,6],"tags":[],"class_list":["post-14118","post","type-post","status-publish","format-standard","has-post-thumbnail","hentry","category-boletin-de-prensa","category-noticias","category-noticias-destacadas","xfolkentry"],"_links":{"self":[{"href":"https:\/\/www.ministeriodegobierno.gob.ec\/derechoshumanos\/wp-json\/wp\/v2\/posts\/14118","targetHints":{"allow":["GET"]}}],"collection":[{"href":"https:\/\/www.ministeriodegobierno.gob.ec\/derechoshumanos\/wp-json\/wp\/v2\/posts"}],"about":[{"href":"https:\/\/www.ministeriodegobierno.gob.ec\/derechoshumanos\/wp-json\/wp\/v2\/types\/post"}],"author":[{"embeddable":true,"href":"https:\/\/www.ministeriodegobierno.gob.ec\/derechoshumanos\/wp-json\/wp\/v2\/users\/6"}],"replies":[{"embeddable":true,"href":"https:\/\/www.ministeriodegobierno.gob.ec\/derechoshumanos\/wp-json\/wp\/v2\/comments?post=14118"}],"version-history":[{"count":1,"href":"https:\/\/www.ministeriodegobierno.gob.ec\/derechoshumanos\/wp-json\/wp\/v2\/posts\/14118\/revisions"}],"predecessor-version":[{"id":14120,"href":"https:\/\/www.ministeriodegobierno.gob.ec\/derechoshumanos\/wp-json\/wp\/v2\/posts\/14118\/revisions\/14120"}],"wp:featuredmedia":[{"embeddable":true,"href":"https:\/\/www.ministeriodegobierno.gob.ec\/derechoshumanos\/wp-json\/wp\/v2\/media\/14119"}],"wp:attachment":[{"href":"https:\/\/www.ministeriodegobierno.gob.ec\/derechoshumanos\/wp-json\/wp\/v2\/media?parent=14118"}],"wp:term":[{"taxonomy":"category","embeddable":true,"href":"https:\/\/www.ministeriodegobierno.gob.ec\/derechoshumanos\/wp-json\/wp\/v2\/categories?post=14118"},{"taxonomy":"post_tag","embeddable":true,"href":"https:\/\/www.ministeriodegobierno.gob.ec\/derechoshumanos\/wp-json\/wp\/v2\/tags?post=14118"}],"curies":[{"name":"wp","href":"https:\/\/api.w.org\/{rel}","templated":true}]}}