{"id":14121,"date":"2022-12-01T15:00:46","date_gmt":"2022-12-01T20:00:46","guid":{"rendered":"https:\/\/www.derechoshumanos.gob.ec\/?p=14121"},"modified":"2023-04-11T12:36:16","modified_gmt":"2023-04-11T17:36:16","slug":"registro-unico-de-violencia-evitara-la-revictimizacion-de-mujeres-frente-a-casos-de-violencia","status":"publish","type":"post","link":"https:\/\/www.ministeriodegobierno.gob.ec\/derechoshumanos\/2022\/12\/01\/registro-unico-de-violencia-evitara-la-revictimizacion-de-mujeres-frente-a-casos-de-violencia\/","title":{"rendered":"Registro \u00danico de Violencia evitar\u00e1 la revictimizaci\u00f3n de mujeres frente a casos de violencia"},"content":{"rendered":"<p><strong>Quito, 1 de diciembre de 2022.-<\/strong> La Secretar\u00eda de Derechos Humanos, el Ministerio del Interior, el Consejo de la Judicatura, el Programa de las Naciones Unidas para el Desarrollo (PNUD) a trav\u00e9s de la iniciativa Spotlight han trabajado para que el Ecuador cuente por primera vez con un Registro \u00danico de Violencia (RUV).<\/p>\n<p>La Iniciativa Spotlight es una asociaci\u00f3n global conjunta de la Uni\u00f3n Europea, principal donante, y las Naciones Unidas, orientada a eliminar todas las formas de violencia contra las mujeres y las ni\u00f1as. ONU Mujeres, el Fondo de Poblaci\u00f3n de las Naciones Unidas (UNFPA) y el Programa de las Naciones Unidas para el Desarrollo (PNUD) son las agencias implementadoras en Ecuador. El \u00e9nfasis del proyecto es la implementaci\u00f3n efectiva de la Ley Org\u00e1nica Integral de Prevenci\u00f3n y Erradicaci\u00f3n de la Violencia contra la Mujeres (LOIPEVCM) y el marco normativo sobre femicidio, a trav\u00e9s de seis pilares de acci\u00f3n.<\/p>\n<p>A partir del 29 de noviembre de 2022 esta herramienta entrar\u00e1 en funcionamiento en su primera fase y mediante Decreto Ejecutivo se traspasar\u00e1 la responsabilidad de la misma desde el Ministerio del Interior a la Secretar\u00eda de Derechos Humanos.<\/p>\n<p>El RUV es una herramienta que se encuentra en la Ley Org\u00e1nica Integral para Prevenir y Erradicar la Violencia contra las Mujeres. El proceso de implementaci\u00f3n empez\u00f3 en 2018 y se ha trabajado, junto a la cooperaci\u00f3n internacional, en este mecanismo.<\/p>\n<p>Este sistema de informaci\u00f3n, en su primera fase, recopila el historial de mujeres v\u00edctimas de violencia. El Registro \u00danico de Violencia cuenta informaci\u00f3n generada por 9 instituciones que se priorizaron y que forman parte del Sistema Nacional para Prevenir y Erradicar la Violencia contra las Mujeres y que son:<\/p>\n<ol>\n<li>Consejo de la Judicatura<\/li>\n<li>Fiscal\u00eda General del Estado<\/li>\n<li>Ministerio de Educaci\u00f3n<\/li>\n<li>Ministerio de Inclusi\u00f3n Econ\u00f3mica y Social<\/li>\n<li>Ministerio del Interior<\/li>\n<li>Ministerio de Salud P\u00fablica<\/li>\n<li>Polic\u00eda Nacional del Ecuador<\/li>\n<li>Sistema Integrado de Seguridad ECU 911<\/li>\n<li>Secretar\u00eda de Derechos Humanos<\/li>\n<\/ol>\n<p>Cada instituci\u00f3n transmite hacia el Registro \u00danico de Violencia la informaci\u00f3n que registran en sus puntos de atenci\u00f3n.<\/p>\n<p>Con la informaci\u00f3n almacenada en el RUV se tendr\u00e1 la capacidad de:<\/p>\n<ol>\n<li>Generar la Ficha \u00danica de Informaci\u00f3n de cada caso registrado lo que permitir\u00e1 focalizar servicios de protecci\u00f3n y reparaci\u00f3n a v\u00edctimas.<\/li>\n<li>Generar estad\u00edsticas que servir\u00e1n de insumos para proponer pol\u00edticas p\u00fablicas.<\/li>\n<li>Alimentar con informaci\u00f3n al Sistema de Alertas Tempranas (SAT) que se encuentra desarrollando el Ministerio del Interior y que permitir\u00e1 prevenir femicidios.<\/li>\n<\/ol>\n<p>&nbsp;<\/p>\n<p>&nbsp;<\/p>\n","protected":false},"excerpt":{"rendered":"<p class=\"excerpt\">Quito, 1 de diciembre de 2022.- La Secretar\u00eda de Derechos Humanos, el Ministerio del Interior, el Consejo de la Judicatura, el Programa de las Naciones Unidas para el Desarrollo (PNUD) a trav\u00e9s de la iniciativa Spotlight han trabajado para que el Ecuador cuente por primera vez con un Registro \u00danico de Violencia (RUV). La Iniciativa Spotlight es una asociaci\u00f3n global&hellip; <a href=\"https:\/\/www.ministeriodegobierno.gob.ec\/derechoshumanos\/2022\/12\/01\/registro-unico-de-violencia-evitara-la-revictimizacion-de-mujeres-frente-a-casos-de-violencia\/\">Read more &rarr;<\/a><\/p>\n","protected":false},"author":6,"featured_media":14122,"comment_status":"closed","ping_status":"closed","sticky":false,"template":"","format":"standard","meta":{"footnotes":""},"categories":[20,64,5,1],"tags":[63,61,35,62,94],"class_list":["post-14121","post","type-post","status-publish","format-standard","has-post-thumbnail","hentry","category-boletin-de-prensa","category-mmddhh","category-noticias","category-sin-categoria","tag-derechos-humanos","tag-ministerio-de-la-mujer","tag-mujeres","tag-registro-unico-de-violencia","tag-ruv","xfolkentry"],"_links":{"self":[{"href":"https:\/\/www.ministeriodegobierno.gob.ec\/derechoshumanos\/wp-json\/wp\/v2\/posts\/14121","targetHints":{"allow":["GET"]}}],"collection":[{"href":"https:\/\/www.ministeriodegobierno.gob.ec\/derechoshumanos\/wp-json\/wp\/v2\/posts"}],"about":[{"href":"https:\/\/www.ministeriodegobierno.gob.ec\/derechoshumanos\/wp-json\/wp\/v2\/types\/post"}],"author":[{"embeddable":true,"href":"https:\/\/www.ministeriodegobierno.gob.ec\/derechoshumanos\/wp-json\/wp\/v2\/users\/6"}],"replies":[{"embeddable":true,"href":"https:\/\/www.ministeriodegobierno.gob.ec\/derechoshumanos\/wp-json\/wp\/v2\/comments?post=14121"}],"version-history":[{"count":1,"href":"https:\/\/www.ministeriodegobierno.gob.ec\/derechoshumanos\/wp-json\/wp\/v2\/posts\/14121\/revisions"}],"predecessor-version":[{"id":14123,"href":"https:\/\/www.ministeriodegobierno.gob.ec\/derechoshumanos\/wp-json\/wp\/v2\/posts\/14121\/revisions\/14123"}],"wp:featuredmedia":[{"embeddable":true,"href":"https:\/\/www.ministeriodegobierno.gob.ec\/derechoshumanos\/wp-json\/wp\/v2\/media\/14122"}],"wp:attachment":[{"href":"https:\/\/www.ministeriodegobierno.gob.ec\/derechoshumanos\/wp-json\/wp\/v2\/media?parent=14121"}],"wp:term":[{"taxonomy":"category","embeddable":true,"href":"https:\/\/www.ministeriodegobierno.gob.ec\/derechoshumanos\/wp-json\/wp\/v2\/categories?post=14121"},{"taxonomy":"post_tag","embeddable":true,"href":"https:\/\/www.ministeriodegobierno.gob.ec\/derechoshumanos\/wp-json\/wp\/v2\/tags?post=14121"}],"curies":[{"name":"wp","href":"https:\/\/api.w.org\/{rel}","templated":true}]}}