{"id":14167,"date":"2022-12-09T14:38:44","date_gmt":"2022-12-09T19:38:44","guid":{"rendered":"https:\/\/www.derechoshumanos.gob.ec\/?p=14167"},"modified":"2022-12-09T14:38:44","modified_gmt":"2022-12-09T19:38:44","slug":"lideresas-replican-conocimientos-adquiridos-en-la-escuela-de-formacion-mujeres-desde-sus-propias-voces-a-nivel-nacional","status":"publish","type":"post","link":"https:\/\/www.ministeriodegobierno.gob.ec\/derechoshumanos\/2022\/12\/09\/lideresas-replican-conocimientos-adquiridos-en-la-escuela-de-formacion-mujeres-desde-sus-propias-voces-a-nivel-nacional\/","title":{"rendered":"Lideresas replican conocimientos adquiridos en la Escuela de Formaci\u00f3n \u201cMujeres desde sus propias voces\u201d a nivel nacional"},"content":{"rendered":"<p><strong>Quito, 09 de diciembre del 2022._ <\/strong>Con la participaci\u00f3n de 120 mujeres de Esmeraldas, Sucumb\u00edos, Santo Domingo de los Ts\u00e1chilas e Imbabura, se realiz\u00f3 la entrega de certificados de la Escuela de Formaci\u00f3n de Lideresas \u201cMujeres desde sus propias voces\u201d en un acto emotivo que se desarroll\u00f3 en la ciudad de Quito.<\/p>\n<p>Desde el Ministerio de la Mujer y Derechos Humanos, de acuerdo a sus competencias, se cumpli\u00f3 con la agenda territorial donde se foment\u00f3 la participaci\u00f3n activa de mujeres en espacios de toma de decisiones mismas que se desarrollaron a trav\u00e9s de la r\u00e9plica que cada una de las lideresas realiz\u00f3 a 720 mujeres en sus comunidades y que se extendi\u00f3 a nivel local, regional y nacional.<\/p>\n<p>Paola Flores Jaramillo, ministra del Ministerio de la Mujer y Derechos Humanos, salud\u00f3 y agradeci\u00f3 el apoyo interinstitucional para la ejecuci\u00f3n y cumplimiento del proyecto. \u201cEl proceso de formaci\u00f3n y capacitaci\u00f3n de la Escuela de Formaci\u00f3n de Lideresas: Mujeres desde sus propias voces ha sido arduo y hoy nos permite tener los primeros frutos\u201d recalc\u00f3.<\/p>\n<p>Samia M\u00e1rmol, subsecretaria de Movimientos Sociales, resalt\u00f3 que el Ministerio de la Mujer y Derechos Humanos ha puesto especial atenci\u00f3n a la realidad de las mujeres en su diversidad construyendo espacios participativos para promover liderazgo y empoderamiento.<\/p>\n<p>El evento cont\u00f3 con los testimonios de las lideresas, quienes recibieron el certificado por haber culminado y replicado sus conocimientos adquiridos, entre ellas, Noem\u00ed Saransig, lideresa de Imbabura, expres\u00f3 \u00abGracias a las autoridades porque nos est\u00e1n preparando para la vida. Tuve el honor de capacitar a 30 mujeres inclu\u00eddo a hombres con el tema de g\u00e9nero e interculturalidad para poder dejar a nuestros ni\u00f1os un futuro mejor\u00bb<\/p>\n<p>En este sentido, Mar\u00eda Jos\u00e9 Larco representante de la Facultad Latinoamericana de Comunicaci\u00f3n Social (FLACSO) resalt\u00f3 que las r\u00e9plicas fueron espacios para compartir conocimientos a fin de promover la democracia participativa.<\/p>\n<p>En esta actividad tambi\u00e9n particip\u00f3 Philipp Schauer, embajador de la Rep\u00fablica Federal de Alemania quien se\u00f1al\u00f3 que continuar\u00e1n apoyando este tipo de iniciativas que fortalecen los liderazgos de las mujeres desde sus comunidades.<\/p>\n<p>Magdalena Massuchi, representante en Ecuador de la Uni\u00f3n Europea, expuso la trayectoria de lo que fue la Escuela de Formaci\u00f3n de Lideresas \u00abMujeres desde sus propias voces\u00bb y recalc\u00f3 que el proyecto fue la semilla que continuar\u00e1 floreciendo.<\/p>\n<p>Desde el primer Ministerio de la Mujer y Derechos Humanos se abren las puertas para la sociedad civil a fin de emprender un trabajo conjunto con un \u00fanico objetivo, construir un mejor pa\u00eds para las mujeres, ni\u00f1os y ni\u00f1as del Ecuador.<\/p>\n","protected":false},"excerpt":{"rendered":"<p class=\"excerpt\">Quito, 09 de diciembre del 2022._ Con la participaci\u00f3n de 120 mujeres de Esmeraldas, Sucumb\u00edos, Santo Domingo de los Ts\u00e1chilas e Imbabura, se realiz\u00f3 la entrega de certificados de la Escuela de Formaci\u00f3n de Lideresas \u201cMujeres desde sus propias voces\u201d en un acto emotivo que se desarroll\u00f3 en la ciudad de Quito. Desde el Ministerio de la Mujer y Derechos&hellip; <a href=\"https:\/\/www.ministeriodegobierno.gob.ec\/derechoshumanos\/2022\/12\/09\/lideresas-replican-conocimientos-adquiridos-en-la-escuela-de-formacion-mujeres-desde-sus-propias-voces-a-nivel-nacional\/\">Read more &rarr;<\/a><\/p>\n","protected":false},"author":8,"featured_media":14169,"comment_status":"closed","ping_status":"closed","sticky":false,"template":"","format":"standard","meta":{"footnotes":""},"categories":[20,5,6],"tags":[],"class_list":["post-14167","post","type-post","status-publish","format-standard","has-post-thumbnail","hentry","category-boletin-de-prensa","category-noticias","category-noticias-destacadas","xfolkentry"],"_links":{"self":[{"href":"https:\/\/www.ministeriodegobierno.gob.ec\/derechoshumanos\/wp-json\/wp\/v2\/posts\/14167","targetHints":{"allow":["GET"]}}],"collection":[{"href":"https:\/\/www.ministeriodegobierno.gob.ec\/derechoshumanos\/wp-json\/wp\/v2\/posts"}],"about":[{"href":"https:\/\/www.ministeriodegobierno.gob.ec\/derechoshumanos\/wp-json\/wp\/v2\/types\/post"}],"author":[{"embeddable":true,"href":"https:\/\/www.ministeriodegobierno.gob.ec\/derechoshumanos\/wp-json\/wp\/v2\/users\/8"}],"replies":[{"embeddable":true,"href":"https:\/\/www.ministeriodegobierno.gob.ec\/derechoshumanos\/wp-json\/wp\/v2\/comments?post=14167"}],"version-history":[{"count":1,"href":"https:\/\/www.ministeriodegobierno.gob.ec\/derechoshumanos\/wp-json\/wp\/v2\/posts\/14167\/revisions"}],"predecessor-version":[{"id":14170,"href":"https:\/\/www.ministeriodegobierno.gob.ec\/derechoshumanos\/wp-json\/wp\/v2\/posts\/14167\/revisions\/14170"}],"wp:featuredmedia":[{"embeddable":true,"href":"https:\/\/www.ministeriodegobierno.gob.ec\/derechoshumanos\/wp-json\/wp\/v2\/media\/14169"}],"wp:attachment":[{"href":"https:\/\/www.ministeriodegobierno.gob.ec\/derechoshumanos\/wp-json\/wp\/v2\/media?parent=14167"}],"wp:term":[{"taxonomy":"category","embeddable":true,"href":"https:\/\/www.ministeriodegobierno.gob.ec\/derechoshumanos\/wp-json\/wp\/v2\/categories?post=14167"},{"taxonomy":"post_tag","embeddable":true,"href":"https:\/\/www.ministeriodegobierno.gob.ec\/derechoshumanos\/wp-json\/wp\/v2\/tags?post=14167"}],"curies":[{"name":"wp","href":"https:\/\/api.w.org\/{rel}","templated":true}]}}