{"id":14211,"date":"2022-12-14T10:45:45","date_gmt":"2022-12-14T15:45:45","guid":{"rendered":"https:\/\/www.derechoshumanos.gob.ec\/?p=14211"},"modified":"2022-12-14T10:45:45","modified_gmt":"2022-12-14T15:45:45","slug":"prevencion-y-erradicacion-de-la-violencia-ecuador","status":"publish","type":"post","link":"https:\/\/www.ministeriodegobierno.gob.ec\/derechoshumanos\/2022\/12\/14\/prevencion-y-erradicacion-de-la-violencia-ecuador\/","title":{"rendered":"Prevenci\u00f3n y erradicaci\u00f3n de la violencia contra las mujeres y ni\u00f1as avanza con el apoyo de la cooperaci\u00f3n internacional"},"content":{"rendered":"<p><strong>Quito, 13 de diciembre de 2022.-<\/strong> La ministra de la Mujer y Derechos Humanos,\u00a0 Paola Flores Jaramillo, \u00a0particip\u00f3 en la\u00a0 reuni\u00f3n del Comit\u00e9 Directivo de la Iniciativa Spotlight, integrada por las Naciones Unidas y la Uni\u00f3n Europea, a fin de evaluar los avances y las acciones para prevenir y erradicar la violencia contra las mujeres y ni\u00f1as.<\/p>\n<p>Lena Savelli, coordinadora residente de la ONU en Ecuador , destac\u00f3 el trabajo realizado junto al Estado Ecuatoriano para avanzar en la erradicaci\u00f3n de la violencia contra las mujeres y ni\u00f1as.<\/p>\n<p>La ministra Flores\u00a0 agradeci\u00f3 a todas las organizaciones sociales y a la iniciativa Iniciativa Spotlight\u00a0 , mencion\u00f3 el importante apoyo recibido para la creaci\u00f3n del Ministerio de la Mujer y Derechos Humanos, a la vez, se\u00f1al\u00f3 que: \u00abEs importante contar con el apoyo de las organizaciones internacionales para avanzar en la construcci\u00f3n de la segunda fase del Registro \u00danico de Violencia\u00bb.<\/p>\n<p>El vicecanciller, Luis Vayas, destac\u00f3 el trabajo que realiza tambi\u00e9n esta instituci\u00f3n del Gobierno en relaci\u00f3n a las po\u00edticas de g\u00e9nero.<\/p>\n<p>La Iniciativa Spotlight para eliminar la violencia contra las mujeres y las ni\u00f1as es una iniciativa mundial de las Naciones Unidas apoyada por la Uni\u00f3n Europea y otros socios. La campa\u00f1a pone de relieve la importancia de invertir de manera espec\u00edfica en las mujeres y las ni\u00f1as, condici\u00f3n indispensable para alcanzar el desarrollo sostenible de acuerdo con la Agenda 2030.<\/p>\n","protected":false},"excerpt":{"rendered":"<p class=\"excerpt\">Quito, 13 de diciembre de 2022.- La ministra de la Mujer y Derechos Humanos,\u00a0 Paola Flores Jaramillo, \u00a0particip\u00f3 en la\u00a0 reuni\u00f3n del Comit\u00e9 Directivo de la Iniciativa Spotlight, integrada por las Naciones Unidas y la Uni\u00f3n Europea, a fin de evaluar los avances y las acciones para prevenir y erradicar la violencia contra las mujeres y ni\u00f1as. Lena Savelli, coordinadora&hellip; <a href=\"https:\/\/www.ministeriodegobierno.gob.ec\/derechoshumanos\/2022\/12\/14\/prevencion-y-erradicacion-de-la-violencia-ecuador\/\">Read more &rarr;<\/a><\/p>\n","protected":false},"author":10,"featured_media":14212,"comment_status":"closed","ping_status":"closed","sticky":false,"template":"","format":"standard","meta":{"footnotes":""},"categories":[5,6],"tags":[36,61],"class_list":["post-14211","post","type-post","status-publish","format-standard","has-post-thumbnail","hentry","category-noticias","category-noticias-destacadas","tag-ddhh-ecuador","tag-ministerio-de-la-mujer","xfolkentry"],"_links":{"self":[{"href":"https:\/\/www.ministeriodegobierno.gob.ec\/derechoshumanos\/wp-json\/wp\/v2\/posts\/14211","targetHints":{"allow":["GET"]}}],"collection":[{"href":"https:\/\/www.ministeriodegobierno.gob.ec\/derechoshumanos\/wp-json\/wp\/v2\/posts"}],"about":[{"href":"https:\/\/www.ministeriodegobierno.gob.ec\/derechoshumanos\/wp-json\/wp\/v2\/types\/post"}],"author":[{"embeddable":true,"href":"https:\/\/www.ministeriodegobierno.gob.ec\/derechoshumanos\/wp-json\/wp\/v2\/users\/10"}],"replies":[{"embeddable":true,"href":"https:\/\/www.ministeriodegobierno.gob.ec\/derechoshumanos\/wp-json\/wp\/v2\/comments?post=14211"}],"version-history":[{"count":1,"href":"https:\/\/www.ministeriodegobierno.gob.ec\/derechoshumanos\/wp-json\/wp\/v2\/posts\/14211\/revisions"}],"predecessor-version":[{"id":14213,"href":"https:\/\/www.ministeriodegobierno.gob.ec\/derechoshumanos\/wp-json\/wp\/v2\/posts\/14211\/revisions\/14213"}],"wp:featuredmedia":[{"embeddable":true,"href":"https:\/\/www.ministeriodegobierno.gob.ec\/derechoshumanos\/wp-json\/wp\/v2\/media\/14212"}],"wp:attachment":[{"href":"https:\/\/www.ministeriodegobierno.gob.ec\/derechoshumanos\/wp-json\/wp\/v2\/media?parent=14211"}],"wp:term":[{"taxonomy":"category","embeddable":true,"href":"https:\/\/www.ministeriodegobierno.gob.ec\/derechoshumanos\/wp-json\/wp\/v2\/categories?post=14211"},{"taxonomy":"post_tag","embeddable":true,"href":"https:\/\/www.ministeriodegobierno.gob.ec\/derechoshumanos\/wp-json\/wp\/v2\/tags?post=14211"}],"curies":[{"name":"wp","href":"https:\/\/api.w.org\/{rel}","templated":true}]}}