{"id":14215,"date":"2022-12-16T09:18:47","date_gmt":"2022-12-16T14:18:47","guid":{"rendered":"https:\/\/www.derechoshumanos.gob.ec\/?p=14215"},"modified":"2022-12-16T09:18:47","modified_gmt":"2022-12-16T14:18:47","slug":"en-loja-el-ministerio-de-la-mujer-y-derechos-humanos-brindo-capacitacion-sobre-la-prevencion-de-la-violencia","status":"publish","type":"post","link":"https:\/\/www.ministeriodegobierno.gob.ec\/derechoshumanos\/2022\/12\/16\/en-loja-el-ministerio-de-la-mujer-y-derechos-humanos-brindo-capacitacion-sobre-la-prevencion-de-la-violencia\/","title":{"rendered":"En Loja, el Ministerio de la Mujer y Derechos Humanos brind\u00f3 capacitaci\u00f3n sobre la prevenci\u00f3n de la violencia"},"content":{"rendered":"<p><strong>Loja, 13 de Diciembre del 2022._ \u00a0<\/strong>Como parte de las competencias del Ministerio de la Mujer y Derechos Humanos, el Servicio de Protecci\u00f3n Integral de la zona 7\u00a0 brind\u00f3 taller denominado \u201cPrevenci\u00f3n de la Violencia Sexual\u201d dirigido a padres, madres y docentes de la Unidad Educativa \u201cLuz Victoria Rivera de Mora\u201d .<\/p>\n<p>Dicho taller se realiz\u00f3 a trav\u00e9s de la Mesa T\u00e9cnica Intersectorial para la Erradicaci\u00f3n de la Desnutrici\u00f3n Infantil y tuvo como objetivo brindar espacios de reflexi\u00f3n, formaci\u00f3n e informaci\u00f3n de acciones para la prevenci\u00f3n de los diferentes tipos de violencia sexual contra ni\u00f1as, ni\u00f1os, adolescentes y mujeres.<\/p>\n<p>\u201cTrabajamos con instituciones p\u00fablicas para generar espacios de informaci\u00f3n sobre los tipos de\u00a0 violencia sexual a fin de prevenir la violencia contra mujeres, ni\u00f1as, ni\u00f1os y adolescentes\u201d dijo Melanie Solano, encargada de la oficina t\u00e9cnica de la zona 7.<\/p>\n<p>La sensibilizaci\u00f3n se realiz\u00f3 con la coordinaci\u00f3n del Gobierno Aut\u00f3nomo Descentralizado Municipal De Balsas, la Polic\u00eda Nacional, el Ministerio de Educaci\u00f3n y la Secretar\u00eda T\u00e9cnica Ecuador Crece sin Desnutrici\u00f3n Infantil.<\/p>\n<p>&nbsp;<\/p>\n","protected":false},"excerpt":{"rendered":"<p class=\"excerpt\">Loja, 13 de Diciembre del 2022._ \u00a0Como parte de las competencias del Ministerio de la Mujer y Derechos Humanos, el Servicio de Protecci\u00f3n Integral de la zona 7\u00a0 brind\u00f3 taller denominado \u201cPrevenci\u00f3n de la Violencia Sexual\u201d dirigido a padres, madres y docentes de la Unidad Educativa \u201cLuz Victoria Rivera de Mora\u201d . Dicho taller se realiz\u00f3 a trav\u00e9s de la&hellip; <a href=\"https:\/\/www.ministeriodegobierno.gob.ec\/derechoshumanos\/2022\/12\/16\/en-loja-el-ministerio-de-la-mujer-y-derechos-humanos-brindo-capacitacion-sobre-la-prevencion-de-la-violencia\/\">Read more &rarr;<\/a><\/p>\n","protected":false},"author":8,"featured_media":14216,"comment_status":"closed","ping_status":"closed","sticky":false,"template":"","format":"standard","meta":{"footnotes":""},"categories":[20,5,6],"tags":[],"class_list":["post-14215","post","type-post","status-publish","format-standard","has-post-thumbnail","hentry","category-boletin-de-prensa","category-noticias","category-noticias-destacadas","xfolkentry"],"_links":{"self":[{"href":"https:\/\/www.ministeriodegobierno.gob.ec\/derechoshumanos\/wp-json\/wp\/v2\/posts\/14215","targetHints":{"allow":["GET"]}}],"collection":[{"href":"https:\/\/www.ministeriodegobierno.gob.ec\/derechoshumanos\/wp-json\/wp\/v2\/posts"}],"about":[{"href":"https:\/\/www.ministeriodegobierno.gob.ec\/derechoshumanos\/wp-json\/wp\/v2\/types\/post"}],"author":[{"embeddable":true,"href":"https:\/\/www.ministeriodegobierno.gob.ec\/derechoshumanos\/wp-json\/wp\/v2\/users\/8"}],"replies":[{"embeddable":true,"href":"https:\/\/www.ministeriodegobierno.gob.ec\/derechoshumanos\/wp-json\/wp\/v2\/comments?post=14215"}],"version-history":[{"count":1,"href":"https:\/\/www.ministeriodegobierno.gob.ec\/derechoshumanos\/wp-json\/wp\/v2\/posts\/14215\/revisions"}],"predecessor-version":[{"id":14217,"href":"https:\/\/www.ministeriodegobierno.gob.ec\/derechoshumanos\/wp-json\/wp\/v2\/posts\/14215\/revisions\/14217"}],"wp:featuredmedia":[{"embeddable":true,"href":"https:\/\/www.ministeriodegobierno.gob.ec\/derechoshumanos\/wp-json\/wp\/v2\/media\/14216"}],"wp:attachment":[{"href":"https:\/\/www.ministeriodegobierno.gob.ec\/derechoshumanos\/wp-json\/wp\/v2\/media?parent=14215"}],"wp:term":[{"taxonomy":"category","embeddable":true,"href":"https:\/\/www.ministeriodegobierno.gob.ec\/derechoshumanos\/wp-json\/wp\/v2\/categories?post=14215"},{"taxonomy":"post_tag","embeddable":true,"href":"https:\/\/www.ministeriodegobierno.gob.ec\/derechoshumanos\/wp-json\/wp\/v2\/tags?post=14215"}],"curies":[{"name":"wp","href":"https:\/\/api.w.org\/{rel}","templated":true}]}}