{"id":14238,"date":"2022-12-23T12:46:36","date_gmt":"2022-12-23T17:46:36","guid":{"rendered":"https:\/\/www.derechoshumanos.gob.ec\/?p=14238"},"modified":"2022-12-23T12:46:36","modified_gmt":"2022-12-23T17:46:36","slug":"el-oro-fue-sede-de-taller-de-prevencion-de-violencia-basada-en-genero","status":"publish","type":"post","link":"https:\/\/www.ministeriodegobierno.gob.ec\/derechoshumanos\/2022\/12\/23\/el-oro-fue-sede-de-taller-de-prevencion-de-violencia-basada-en-genero\/","title":{"rendered":"El Oro fue sede de taller de prevenci\u00f3n de violencia basada en g\u00e9nero"},"content":{"rendered":"<p><strong>Guabo \u2013 El Oro._<\/strong> Con el objetivo de informar los mecanismos de protecci\u00f3n y los servicios que brindan las instituciones que conforman el Sistema Nacional para Prevenir y Erradicar todo tipo de violencias, el Servicio de Protecci\u00f3n Integral, en coordinaci\u00f3n con la Jefatura Pol\u00edtica de la parroquia Tendales y el Centro de Desarrollo Infantil \u201cS\u00faper Ni\u00f1o\u201d, brind\u00f3 taller te\u00f3rico y pr\u00e1ctico de prevenci\u00f3n de la violencia a mujeres de este sector del pa\u00eds.<\/p>\n<p>A trav\u00e9s de la din\u00e1mica \u00abLa m\u00e1quina de los abrazos\u00bb, \u00abEl tendedero\u00bb,\u00a0 la lectura \u201cJuan y Rosita\u201d, \u201cCarta de una madre\u201d y la cr\u00edtica sobre el trabajo no remunerado que se desarrolla en casa, se sensibiliz\u00f3 para comprender de mejor manera a trav\u00e9s de masculinidades positivas los roles y estereotipos de g\u00e9nero desde el \u00e1mbito familiar.<\/p>\n<p>Melanie Solano, coordinadora encargada de la zona 7, explic\u00f3 que el Ministerio de la Mujer y Derechos Humanos en territorio cuenta con equipos t\u00e9cnicos para brindar la atenci\u00f3n oportuna a grupos de atenci\u00f3n prioritaria en situaci\u00f3n de vulnerabilidad y alto riesgo. \u201cNuestro compromiso es diario para garantizar los derechos y precautelar la vida\u201d manifest\u00f3.<\/p>\n<p>Esta cartera de Estado mantiene el compromiso de impulsar la promoci\u00f3n y protecci\u00f3n integral de derechos, la participaci\u00f3n, ejercicio ciudadano y el cumplimiento de las obligaciones nacionales e internacionales, as\u00ed como, prevenir y erradicar la violencia contra mujeres, ni\u00f1as, ni\u00f1os y adolescentes.<\/p>\n<p>&nbsp;<\/p>\n","protected":false},"excerpt":{"rendered":"<p class=\"excerpt\">Guabo \u2013 El Oro._ Con el objetivo de informar los mecanismos de protecci\u00f3n y los servicios que brindan las instituciones que conforman el Sistema Nacional para Prevenir y Erradicar todo tipo de violencias, el Servicio de Protecci\u00f3n Integral, en coordinaci\u00f3n con la Jefatura Pol\u00edtica de la parroquia Tendales y el Centro de Desarrollo Infantil \u201cS\u00faper Ni\u00f1o\u201d, brind\u00f3 taller te\u00f3rico y&hellip; <a href=\"https:\/\/www.ministeriodegobierno.gob.ec\/derechoshumanos\/2022\/12\/23\/el-oro-fue-sede-de-taller-de-prevencion-de-violencia-basada-en-genero\/\">Read more &rarr;<\/a><\/p>\n","protected":false},"author":8,"featured_media":14239,"comment_status":"closed","ping_status":"closed","sticky":false,"template":"","format":"standard","meta":{"footnotes":""},"categories":[20,5,6],"tags":[65],"class_list":["post-14238","post","type-post","status-publish","format-standard","has-post-thumbnail","hentry","category-boletin-de-prensa","category-noticias","category-noticias-destacadas","tag-talleres","xfolkentry"],"_links":{"self":[{"href":"https:\/\/www.ministeriodegobierno.gob.ec\/derechoshumanos\/wp-json\/wp\/v2\/posts\/14238","targetHints":{"allow":["GET"]}}],"collection":[{"href":"https:\/\/www.ministeriodegobierno.gob.ec\/derechoshumanos\/wp-json\/wp\/v2\/posts"}],"about":[{"href":"https:\/\/www.ministeriodegobierno.gob.ec\/derechoshumanos\/wp-json\/wp\/v2\/types\/post"}],"author":[{"embeddable":true,"href":"https:\/\/www.ministeriodegobierno.gob.ec\/derechoshumanos\/wp-json\/wp\/v2\/users\/8"}],"replies":[{"embeddable":true,"href":"https:\/\/www.ministeriodegobierno.gob.ec\/derechoshumanos\/wp-json\/wp\/v2\/comments?post=14238"}],"version-history":[{"count":1,"href":"https:\/\/www.ministeriodegobierno.gob.ec\/derechoshumanos\/wp-json\/wp\/v2\/posts\/14238\/revisions"}],"predecessor-version":[{"id":14240,"href":"https:\/\/www.ministeriodegobierno.gob.ec\/derechoshumanos\/wp-json\/wp\/v2\/posts\/14238\/revisions\/14240"}],"wp:featuredmedia":[{"embeddable":true,"href":"https:\/\/www.ministeriodegobierno.gob.ec\/derechoshumanos\/wp-json\/wp\/v2\/media\/14239"}],"wp:attachment":[{"href":"https:\/\/www.ministeriodegobierno.gob.ec\/derechoshumanos\/wp-json\/wp\/v2\/media?parent=14238"}],"wp:term":[{"taxonomy":"category","embeddable":true,"href":"https:\/\/www.ministeriodegobierno.gob.ec\/derechoshumanos\/wp-json\/wp\/v2\/categories?post=14238"},{"taxonomy":"post_tag","embeddable":true,"href":"https:\/\/www.ministeriodegobierno.gob.ec\/derechoshumanos\/wp-json\/wp\/v2\/tags?post=14238"}],"curies":[{"name":"wp","href":"https:\/\/api.w.org\/{rel}","templated":true}]}}