{"id":14241,"date":"2022-12-23T13:41:06","date_gmt":"2022-12-23T18:41:06","guid":{"rendered":"https:\/\/www.derechoshumanos.gob.ec\/?p=14241"},"modified":"2022-12-23T13:41:06","modified_gmt":"2022-12-23T18:41:06","slug":"el-ministerio-de-la-mujer-y-derechos-humanos-realizo-cine-foro-una-juventud-viviendo-sin-violencia-en-loja","status":"publish","type":"post","link":"https:\/\/www.ministeriodegobierno.gob.ec\/derechoshumanos\/2022\/12\/23\/el-ministerio-de-la-mujer-y-derechos-humanos-realizo-cine-foro-una-juventud-viviendo-sin-violencia-en-loja\/","title":{"rendered":"El Ministerio de la Mujer y Derechos Humanos realiz\u00f3 cine foro: \u201cUna juventud viviendo sin violencia\u201d en Loja"},"content":{"rendered":"<p><strong>Macar\u00e1 &#8211; Loja._<\/strong> El Ministerio de la Mujer y Derechos Humanos realiz\u00f3 el cine foro \u201cUna Juventud Viviendo Sin Violencia\u201d en coordinaci\u00f3n con la Unidad Educativa \u201cMarista\u201d con la participaci\u00f3n de 60 estudiantes del tercer a\u00f1o de bachillerato.<\/p>\n<p>El objetivo fue brindar un espacio de reflexi\u00f3n y sensibilizaci\u00f3n para fortalecer el eje de prevenci\u00f3n de violencia en el \u00e1mbito educativo, as\u00ed como, informar los tipos de violencia y sus \u00e1mbitos con \u00e9nfasis en ni\u00f1as, ni\u00f1os y adolescentes.<\/p>\n<p>\u201cTrabajamos diariamente en nuestro eje preventivo en coordinaci\u00f3n con las instituciones educativas para generar espacios de sensibilizaci\u00f3n e informar a los estudiantes sobre la violencia de g\u00e9nero a fin de generar espacios de convivencia y cultura de Paz\u201d dijo, Melanie Solano, coordinadora encargada de la zona 7 del Ministerio de la Mujer y Derechos Humanos.<\/p>\n<p>El Ministerio de la Mujer y Derechos Humanos contin\u00faa sensibilizando en el \u00e1mbito educativo a nivel nacional para prevenir y erradicar la violencia en las aulas.<\/p>\n","protected":false},"excerpt":{"rendered":"<p class=\"excerpt\">Macar\u00e1 &#8211; Loja._ El Ministerio de la Mujer y Derechos Humanos realiz\u00f3 el cine foro \u201cUna Juventud Viviendo Sin Violencia\u201d en coordinaci\u00f3n con la Unidad Educativa \u201cMarista\u201d con la participaci\u00f3n de 60 estudiantes del tercer a\u00f1o de bachillerato. El objetivo fue brindar un espacio de reflexi\u00f3n y sensibilizaci\u00f3n para fortalecer el eje de prevenci\u00f3n de violencia en el \u00e1mbito educativo,&hellip; <a href=\"https:\/\/www.ministeriodegobierno.gob.ec\/derechoshumanos\/2022\/12\/23\/el-ministerio-de-la-mujer-y-derechos-humanos-realizo-cine-foro-una-juventud-viviendo-sin-violencia-en-loja\/\">Read more &rarr;<\/a><\/p>\n","protected":false},"author":8,"featured_media":14242,"comment_status":"closed","ping_status":"closed","sticky":false,"template":"","format":"standard","meta":{"footnotes":""},"categories":[20,5,6],"tags":[56],"class_list":["post-14241","post","type-post","status-publish","format-standard","has-post-thumbnail","hentry","category-boletin-de-prensa","category-noticias","category-noticias-destacadas","tag-capacitaciones","xfolkentry"],"_links":{"self":[{"href":"https:\/\/www.ministeriodegobierno.gob.ec\/derechoshumanos\/wp-json\/wp\/v2\/posts\/14241","targetHints":{"allow":["GET"]}}],"collection":[{"href":"https:\/\/www.ministeriodegobierno.gob.ec\/derechoshumanos\/wp-json\/wp\/v2\/posts"}],"about":[{"href":"https:\/\/www.ministeriodegobierno.gob.ec\/derechoshumanos\/wp-json\/wp\/v2\/types\/post"}],"author":[{"embeddable":true,"href":"https:\/\/www.ministeriodegobierno.gob.ec\/derechoshumanos\/wp-json\/wp\/v2\/users\/8"}],"replies":[{"embeddable":true,"href":"https:\/\/www.ministeriodegobierno.gob.ec\/derechoshumanos\/wp-json\/wp\/v2\/comments?post=14241"}],"version-history":[{"count":1,"href":"https:\/\/www.ministeriodegobierno.gob.ec\/derechoshumanos\/wp-json\/wp\/v2\/posts\/14241\/revisions"}],"predecessor-version":[{"id":14243,"href":"https:\/\/www.ministeriodegobierno.gob.ec\/derechoshumanos\/wp-json\/wp\/v2\/posts\/14241\/revisions\/14243"}],"wp:featuredmedia":[{"embeddable":true,"href":"https:\/\/www.ministeriodegobierno.gob.ec\/derechoshumanos\/wp-json\/wp\/v2\/media\/14242"}],"wp:attachment":[{"href":"https:\/\/www.ministeriodegobierno.gob.ec\/derechoshumanos\/wp-json\/wp\/v2\/media?parent=14241"}],"wp:term":[{"taxonomy":"category","embeddable":true,"href":"https:\/\/www.ministeriodegobierno.gob.ec\/derechoshumanos\/wp-json\/wp\/v2\/categories?post=14241"},{"taxonomy":"post_tag","embeddable":true,"href":"https:\/\/www.ministeriodegobierno.gob.ec\/derechoshumanos\/wp-json\/wp\/v2\/tags?post=14241"}],"curies":[{"name":"wp","href":"https:\/\/api.w.org\/{rel}","templated":true}]}}