{"id":14271,"date":"2022-12-27T09:33:33","date_gmt":"2022-12-27T14:33:33","guid":{"rendered":"https:\/\/www.derechoshumanos.gob.ec\/?p=14271"},"modified":"2022-12-27T09:33:33","modified_gmt":"2022-12-27T14:33:33","slug":"centros-de-atencion-integral-y-casas-de-acogida-fortaleceran-su-atencion-durante-2023","status":"publish","type":"post","link":"https:\/\/www.ministeriodegobierno.gob.ec\/derechoshumanos\/2022\/12\/27\/centros-de-atencion-integral-y-casas-de-acogida-fortaleceran-su-atencion-durante-2023\/","title":{"rendered":"Centros de atenci\u00f3n integral y casas de acogida fortalecer\u00e1n su atenci\u00f3n durante 2023"},"content":{"rendered":"<p><strong>Quito, 27 de diciembre de 2022.- <\/strong>El Ministerio de la Mujer y Derechos Humanos present\u00f3 la convocatoria abierta para el fortalecimiento de atenciones a mujeres v\u00edctimas de violencia a trav\u00e9s de casas de acogida y centros de atenci\u00f3n integral.<\/p>\n<p>Este llamado servir\u00e1 para que las personas jur\u00eddicas nacionales de derecho privado sin fines de lucro legalmente constituidas y capaces de contratar, que cumplan con las condiciones de participaci\u00f3n determinadas en el \u201cReglamento de Procedimiento de selecci\u00f3n, suscripci\u00f3n y ejecuci\u00f3n de Convenios de Cooperaci\u00f3n T\u00e9cnico \u2013 Financiera con Organizaciones Sociales sin Fines de Lucro para el fortalecimiento de la Atenci\u00f3n Integral a V\u00edctimas de Violencia de G\u00e9nero del Ecuador\u201d y la \u201cGu\u00eda para la Presentaci\u00f3n de Propuestas\u201d, presenten sus postulaciones t\u00e9cnicas y financieras para brindar atenci\u00f3n integral a mujeres, sus hijas e hijos v\u00edctimas de violencia de g\u00e9nero.<\/p>\n<p>Durante 2022 se firmaron 21 convenios con 4 con casas de acogida y 17 con centros de atenci\u00f3n integral, con un desembolso de m\u00e1s de 2 millones de d\u00f3lares que permitieron que se mantenga la atenci\u00f3n en las \u00e1reas de psicolog\u00eda, trabajo social, asesor\u00eda legal, entre otras.<\/p>\n<p>El Decreto Ejecutivo 609 declara a los centros y casas de acogida como parte de la pol\u00edtica p\u00fablica integral de atenci\u00f3n a v\u00edctimas de violencia basada en g\u00e9nero, desde el Ministerio de la Mujer y Derechos Humanos se fortalecer\u00e1 la atenci\u00f3n integral a las mujeres y sus hijas e hijos, v\u00edctimas de violencia.<\/p>\n<p>Esta convocatoria tiene plazos establecidos y se prev\u00e9 suscribir los convenios, con las organizaciones sociales, entre el 30 y 31 de enero de 2023 \u00a0garantizando la atenci\u00f3n oportuna y sostenible a v\u00edctimas y sobrevivientes de violencia.<\/p>\n<p>Para m\u00e1s informaci\u00f3n, visita nuestra p\u00e1gina web:<\/p>\n<p>Convocatoria: https:\/\/bit.ly\/3hUcjQp<\/p>\n<p>&nbsp;<\/p>\n<h1><\/h1>\n<p>&nbsp;<\/p>\n","protected":false},"excerpt":{"rendered":"<p class=\"excerpt\">Quito, 27 de diciembre de 2022.- El Ministerio de la Mujer y Derechos Humanos present\u00f3 la convocatoria abierta para el fortalecimiento de atenciones a mujeres v\u00edctimas de violencia a trav\u00e9s de casas de acogida y centros de atenci\u00f3n integral. Este llamado servir\u00e1 para que las personas jur\u00eddicas nacionales de derecho privado sin fines de lucro legalmente constituidas y capaces de&hellip; <a href=\"https:\/\/www.ministeriodegobierno.gob.ec\/derechoshumanos\/2022\/12\/27\/centros-de-atencion-integral-y-casas-de-acogida-fortaleceran-su-atencion-durante-2023\/\">Read more &rarr;<\/a><\/p>\n","protected":false},"author":6,"featured_media":14221,"comment_status":"closed","ping_status":"closed","sticky":false,"template":"","format":"standard","meta":{"footnotes":""},"categories":[20,5,6],"tags":[33,34,66,35],"class_list":["post-14271","post","type-post","status-publish","format-standard","has-post-thumbnail","hentry","category-boletin-de-prensa","category-noticias","category-noticias-destacadas","tag-casas-de-acogida","tag-centros-de-atencion-integral","tag-mmddhh","tag-mujeres","xfolkentry"],"_links":{"self":[{"href":"https:\/\/www.ministeriodegobierno.gob.ec\/derechoshumanos\/wp-json\/wp\/v2\/posts\/14271","targetHints":{"allow":["GET"]}}],"collection":[{"href":"https:\/\/www.ministeriodegobierno.gob.ec\/derechoshumanos\/wp-json\/wp\/v2\/posts"}],"about":[{"href":"https:\/\/www.ministeriodegobierno.gob.ec\/derechoshumanos\/wp-json\/wp\/v2\/types\/post"}],"author":[{"embeddable":true,"href":"https:\/\/www.ministeriodegobierno.gob.ec\/derechoshumanos\/wp-json\/wp\/v2\/users\/6"}],"replies":[{"embeddable":true,"href":"https:\/\/www.ministeriodegobierno.gob.ec\/derechoshumanos\/wp-json\/wp\/v2\/comments?post=14271"}],"version-history":[{"count":1,"href":"https:\/\/www.ministeriodegobierno.gob.ec\/derechoshumanos\/wp-json\/wp\/v2\/posts\/14271\/revisions"}],"predecessor-version":[{"id":14272,"href":"https:\/\/www.ministeriodegobierno.gob.ec\/derechoshumanos\/wp-json\/wp\/v2\/posts\/14271\/revisions\/14272"}],"wp:featuredmedia":[{"embeddable":true,"href":"https:\/\/www.ministeriodegobierno.gob.ec\/derechoshumanos\/wp-json\/wp\/v2\/media\/14221"}],"wp:attachment":[{"href":"https:\/\/www.ministeriodegobierno.gob.ec\/derechoshumanos\/wp-json\/wp\/v2\/media?parent=14271"}],"wp:term":[{"taxonomy":"category","embeddable":true,"href":"https:\/\/www.ministeriodegobierno.gob.ec\/derechoshumanos\/wp-json\/wp\/v2\/categories?post=14271"},{"taxonomy":"post_tag","embeddable":true,"href":"https:\/\/www.ministeriodegobierno.gob.ec\/derechoshumanos\/wp-json\/wp\/v2\/tags?post=14271"}],"curies":[{"name":"wp","href":"https:\/\/api.w.org\/{rel}","templated":true}]}}