{"id":14274,"date":"2022-12-28T16:22:42","date_gmt":"2022-12-28T21:22:42","guid":{"rendered":"https:\/\/www.derechoshumanos.gob.ec\/?p=14274"},"modified":"2022-12-28T16:22:42","modified_gmt":"2022-12-28T21:22:42","slug":"servicio-de-proteccion-integral-socializo-acciones-en-feria-ciudadana-en-zamora","status":"publish","type":"post","link":"https:\/\/www.ministeriodegobierno.gob.ec\/derechoshumanos\/2022\/12\/28\/servicio-de-proteccion-integral-socializo-acciones-en-feria-ciudadana-en-zamora\/","title":{"rendered":"Servicio de Protecci\u00f3n Integral socializ\u00f3 acciones en Feria Ciudadana en Zamora"},"content":{"rendered":"<p><strong>Zamora, 28 de diciembre 2022.-<\/strong> El Ministerio de la Mujer y Derechos Humanos\u00a0 particip\u00f3 en feria institucional ciudadana organizada por el Ministerio de Inclusi\u00f3n Econ\u00f3mica y Social con el objetivo de dar a conocer los servicios institucionales integrales en beneficio de la ciudadan\u00eda.<\/p>\n<p>Personal del \u00e1rea psicol\u00f3gica y legal del Servicio de Protecci\u00f3n Integral socializ\u00f3 temas relacionados con la violencia de g\u00e9nero, sus consecuencias, tipos y \u00e1mbitos; rutas de atenci\u00f3n y denuncia en caso de violencia contra las mujeres o miembros del n\u00facleo familiar en el \u00e1mbito administrativo y judicial.<\/p>\n<p>Al evento asistieron aproximadamente 300 personas entre: ni\u00f1os, ni\u00f1as, docentes y padres de familia y beneficiarios de los diversos bonos del Ministerio de Inclusi\u00f3n Econ\u00f3mica y Social.<\/p>\n<p>La coordinadora Zonal (e) de la Oficina T\u00e9cnica Zona 7, Gabriela Solano Saavedra, indic\u00f3: \u201cnuestro objetivo es generar espacios para llegar a la ciudadan\u00eda con informaci\u00f3n respecto a la violencia de g\u00e9nero y otorgar herramientas para combatirla, con el fin de construir una sociedad de igualdad\u201d.<\/p>\n<p>&nbsp;<\/p>\n","protected":false},"excerpt":{"rendered":"<p class=\"excerpt\">Zamora, 28 de diciembre 2022.- El Ministerio de la Mujer y Derechos Humanos\u00a0 particip\u00f3 en feria institucional ciudadana organizada por el Ministerio de Inclusi\u00f3n Econ\u00f3mica y Social con el objetivo de dar a conocer los servicios institucionales integrales en beneficio de la ciudadan\u00eda. Personal del \u00e1rea psicol\u00f3gica y legal del Servicio de Protecci\u00f3n Integral socializ\u00f3 temas relacionados con la violencia&hellip; <a href=\"https:\/\/www.ministeriodegobierno.gob.ec\/derechoshumanos\/2022\/12\/28\/servicio-de-proteccion-integral-socializo-acciones-en-feria-ciudadana-en-zamora\/\">Read more &rarr;<\/a><\/p>\n","protected":false},"author":6,"featured_media":14275,"comment_status":"closed","ping_status":"closed","sticky":false,"template":"","format":"standard","meta":{"footnotes":""},"categories":[20,5,6],"tags":[66,35,58],"class_list":["post-14274","post","type-post","status-publish","format-standard","has-post-thumbnail","hentry","category-boletin-de-prensa","category-noticias","category-noticias-destacadas","tag-mmddhh","tag-mujeres","tag-prevencion","xfolkentry"],"_links":{"self":[{"href":"https:\/\/www.ministeriodegobierno.gob.ec\/derechoshumanos\/wp-json\/wp\/v2\/posts\/14274","targetHints":{"allow":["GET"]}}],"collection":[{"href":"https:\/\/www.ministeriodegobierno.gob.ec\/derechoshumanos\/wp-json\/wp\/v2\/posts"}],"about":[{"href":"https:\/\/www.ministeriodegobierno.gob.ec\/derechoshumanos\/wp-json\/wp\/v2\/types\/post"}],"author":[{"embeddable":true,"href":"https:\/\/www.ministeriodegobierno.gob.ec\/derechoshumanos\/wp-json\/wp\/v2\/users\/6"}],"replies":[{"embeddable":true,"href":"https:\/\/www.ministeriodegobierno.gob.ec\/derechoshumanos\/wp-json\/wp\/v2\/comments?post=14274"}],"version-history":[{"count":1,"href":"https:\/\/www.ministeriodegobierno.gob.ec\/derechoshumanos\/wp-json\/wp\/v2\/posts\/14274\/revisions"}],"predecessor-version":[{"id":14276,"href":"https:\/\/www.ministeriodegobierno.gob.ec\/derechoshumanos\/wp-json\/wp\/v2\/posts\/14274\/revisions\/14276"}],"wp:featuredmedia":[{"embeddable":true,"href":"https:\/\/www.ministeriodegobierno.gob.ec\/derechoshumanos\/wp-json\/wp\/v2\/media\/14275"}],"wp:attachment":[{"href":"https:\/\/www.ministeriodegobierno.gob.ec\/derechoshumanos\/wp-json\/wp\/v2\/media?parent=14274"}],"wp:term":[{"taxonomy":"category","embeddable":true,"href":"https:\/\/www.ministeriodegobierno.gob.ec\/derechoshumanos\/wp-json\/wp\/v2\/categories?post=14274"},{"taxonomy":"post_tag","embeddable":true,"href":"https:\/\/www.ministeriodegobierno.gob.ec\/derechoshumanos\/wp-json\/wp\/v2\/tags?post=14274"}],"curies":[{"name":"wp","href":"https:\/\/api.w.org\/{rel}","templated":true}]}}