{"id":14279,"date":"2022-12-29T16:15:06","date_gmt":"2022-12-29T21:15:06","guid":{"rendered":"https:\/\/www.derechoshumanos.gob.ec\/?p=14279"},"modified":"2022-12-29T16:15:06","modified_gmt":"2022-12-29T21:15:06","slug":"ministerio-de-la-mujer-y-derechos-humanos-ejecuto-terapia-grupal-con-usuarias-del-spi-en-azogues","status":"publish","type":"post","link":"https:\/\/www.ministeriodegobierno.gob.ec\/derechoshumanos\/2022\/12\/29\/ministerio-de-la-mujer-y-derechos-humanos-ejecuto-terapia-grupal-con-usuarias-del-spi-en-azogues\/","title":{"rendered":"Ministerio de la Mujer y Derechos Humanos ejecut\u00f3 terapia grupal con usuarias del SPI en Azogues"},"content":{"rendered":"<p><strong>Azogues, 29 de diciembre de 2022. &#8211;<\/strong>\u00a0 El Ministerio de la Mujer y Derechos Humanos\u00a0 ejecut\u00f3 terapia grupal con usuarias del Servicio de Protecci\u00f3n Integral (SPI) y sus hijos con el objetivo de promover el crecimiento personal.<\/p>\n<p>Las tem\u00e1ticas tratadas con los asistentes fueron impartidas por el \u00e1rea psicol\u00f3gica, legal y trabajo social del SPI y fueron las siguientes: circulo de la violencia, sensibilizaci\u00f3n sobre la violencia basada en g\u00e9nero, rutas y protocolos para denunciar estos hechos; adem\u00e1s en este evento se realiz\u00f3 el agasajo navide\u00f1o con los participantes.<\/p>\n<p>Al evento asistieron 30 personas entre ni\u00f1os, ni\u00f1as, docentes y padres de familia.<\/p>\n<p>Con esta actividad se resalt\u00f3 el compromiso para generar espacios libres de violencia y brindar servicios de calidad y calidez para precautelar los derechos humanos de las mujeres v\u00edctimas de violencia de g\u00e9nero.<\/p>\n<p>&nbsp;<\/p>\n<p>&nbsp;<\/p>\n<p>&nbsp;<\/p>\n","protected":false},"excerpt":{"rendered":"<p class=\"excerpt\">Azogues, 29 de diciembre de 2022. &#8211;\u00a0 El Ministerio de la Mujer y Derechos Humanos\u00a0 ejecut\u00f3 terapia grupal con usuarias del Servicio de Protecci\u00f3n Integral (SPI) y sus hijos con el objetivo de promover el crecimiento personal. Las tem\u00e1ticas tratadas con los asistentes fueron impartidas por el \u00e1rea psicol\u00f3gica, legal y trabajo social del SPI y fueron las siguientes: circulo&hellip; <a href=\"https:\/\/www.ministeriodegobierno.gob.ec\/derechoshumanos\/2022\/12\/29\/ministerio-de-la-mujer-y-derechos-humanos-ejecuto-terapia-grupal-con-usuarias-del-spi-en-azogues\/\">Read more &rarr;<\/a><\/p>\n","protected":false},"author":6,"featured_media":14280,"comment_status":"closed","ping_status":"closed","sticky":false,"template":"","format":"standard","meta":{"footnotes":""},"categories":[20,5,6],"tags":[66,35,47],"class_list":["post-14279","post","type-post","status-publish","format-standard","has-post-thumbnail","hentry","category-boletin-de-prensa","category-noticias","category-noticias-destacadas","tag-mmddhh","tag-mujeres","tag-servicio-de-proteccion-integral","xfolkentry"],"_links":{"self":[{"href":"https:\/\/www.ministeriodegobierno.gob.ec\/derechoshumanos\/wp-json\/wp\/v2\/posts\/14279","targetHints":{"allow":["GET"]}}],"collection":[{"href":"https:\/\/www.ministeriodegobierno.gob.ec\/derechoshumanos\/wp-json\/wp\/v2\/posts"}],"about":[{"href":"https:\/\/www.ministeriodegobierno.gob.ec\/derechoshumanos\/wp-json\/wp\/v2\/types\/post"}],"author":[{"embeddable":true,"href":"https:\/\/www.ministeriodegobierno.gob.ec\/derechoshumanos\/wp-json\/wp\/v2\/users\/6"}],"replies":[{"embeddable":true,"href":"https:\/\/www.ministeriodegobierno.gob.ec\/derechoshumanos\/wp-json\/wp\/v2\/comments?post=14279"}],"version-history":[{"count":1,"href":"https:\/\/www.ministeriodegobierno.gob.ec\/derechoshumanos\/wp-json\/wp\/v2\/posts\/14279\/revisions"}],"predecessor-version":[{"id":14281,"href":"https:\/\/www.ministeriodegobierno.gob.ec\/derechoshumanos\/wp-json\/wp\/v2\/posts\/14279\/revisions\/14281"}],"wp:featuredmedia":[{"embeddable":true,"href":"https:\/\/www.ministeriodegobierno.gob.ec\/derechoshumanos\/wp-json\/wp\/v2\/media\/14280"}],"wp:attachment":[{"href":"https:\/\/www.ministeriodegobierno.gob.ec\/derechoshumanos\/wp-json\/wp\/v2\/media?parent=14279"}],"wp:term":[{"taxonomy":"category","embeddable":true,"href":"https:\/\/www.ministeriodegobierno.gob.ec\/derechoshumanos\/wp-json\/wp\/v2\/categories?post=14279"},{"taxonomy":"post_tag","embeddable":true,"href":"https:\/\/www.ministeriodegobierno.gob.ec\/derechoshumanos\/wp-json\/wp\/v2\/tags?post=14279"}],"curies":[{"name":"wp","href":"https:\/\/api.w.org\/{rel}","templated":true}]}}