{"id":14293,"date":"2022-12-30T14:54:42","date_gmt":"2022-12-30T19:54:42","guid":{"rendered":"https:\/\/www.derechoshumanos.gob.ec\/?p=14293"},"modified":"2022-12-30T14:54:42","modified_gmt":"2022-12-30T19:54:42","slug":"servicio-de-proteccion-integral-capacito-a-estudiantes-sobre-enfoque-de-genero","status":"publish","type":"post","link":"https:\/\/www.ministeriodegobierno.gob.ec\/derechoshumanos\/2022\/12\/30\/servicio-de-proteccion-integral-capacito-a-estudiantes-sobre-enfoque-de-genero\/","title":{"rendered":"Servicio de Protecci\u00f3n Integral capacit\u00f3 a estudiantes sobre enfoque de g\u00e9nero  \u00a0"},"content":{"rendered":"<p><strong>Guayaquil, 30 de diciembre de 2022.- <\/strong>El Ministerio de la Mujer y Derechos Humanos, por medio del Servicio de Protecci\u00f3n Integral, capacit\u00f3 a 323 ni\u00f1os y ni\u00f1as de 11 a\u00f1os y adolescentes entre 12 a 15 a\u00f1os de la Unidad Educativa del Milenio \u201cMarieta de Veintimilla Marconi\u201d en prevenci\u00f3n de la violencia de g\u00e9nero.<\/p>\n<p>En esa actividad, mediante una charla tipo informativa y participativa, se sensibiliz\u00f3 en temas de violencia basada en g\u00e9nero y sus tipos, tambi\u00e9n por medio de canciones se posicion\u00f3 un\u00a0 mensaje sobre de la camarader\u00eda entre compa\u00f1eros y docentes, y se identific\u00f3 alertas ante una situaci\u00f3n de violencia f\u00edsica.<\/p>\n<p>Al respecto la subsecretaria de Prevenci\u00f3n y Erradicaci\u00f3n de la Violencia contra las Mujeres, Ni\u00f1as, Ni\u00f1os y Adolescentes, Melissa Cabanilla Hern\u00e1ndez, se\u00f1al\u00f3: \u201ces a trav\u00e9s del mensaje adaptado a la comunidad estudiantil, que el Ministerio de la Mujer y Derechos Humanos crea v\u00ednculos directos con las v\u00edctimas y posibles v\u00edctimas de violencia, para crear puentes de informaci\u00f3n que permitan prevenir y erradicar la violencia de g\u00e9nero.\u201d<\/p>\n<p>Como resultado de esta capacitaci\u00f3n se acord\u00f3 continuar con la sensibilizaci\u00f3n para m\u00e1s estudiantes, la cual se la realizar\u00e1 en las instalaciones de la Unidad Educativa, tanto en las modalidades la vespertina y matutina.<\/p>\n<p>Trabajamos de manera permanente en la prevenci\u00f3n de la violencia de g\u00e9nero e intrafamiliar con la finalidad de garantizar una vida libre de violencia para las mujeres, ni\u00f1as, ni\u00f1os y adolescentes del pa\u00eds.<\/p>\n<p>&nbsp;<\/p>\n<p>&nbsp;<\/p>\n<p>&nbsp;<\/p>\n<p><strong>\u00a0<\/strong><\/p>\n","protected":false},"excerpt":{"rendered":"<p class=\"excerpt\">Guayaquil, 30 de diciembre de 2022.- El Ministerio de la Mujer y Derechos Humanos, por medio del Servicio de Protecci\u00f3n Integral, capacit\u00f3 a 323 ni\u00f1os y ni\u00f1as de 11 a\u00f1os y adolescentes entre 12 a 15 a\u00f1os de la Unidad Educativa del Milenio \u201cMarieta de Veintimilla Marconi\u201d en prevenci\u00f3n de la violencia de g\u00e9nero. En esa actividad, mediante una charla&hellip; <a href=\"https:\/\/www.ministeriodegobierno.gob.ec\/derechoshumanos\/2022\/12\/30\/servicio-de-proteccion-integral-capacito-a-estudiantes-sobre-enfoque-de-genero\/\">Read more &rarr;<\/a><\/p>\n","protected":false},"author":6,"featured_media":14294,"comment_status":"closed","ping_status":"closed","sticky":false,"template":"","format":"standard","meta":{"footnotes":""},"categories":[20,5,6],"tags":[56,66,35,58],"class_list":["post-14293","post","type-post","status-publish","format-standard","has-post-thumbnail","hentry","category-boletin-de-prensa","category-noticias","category-noticias-destacadas","tag-capacitaciones","tag-mmddhh","tag-mujeres","tag-prevencion","xfolkentry"],"_links":{"self":[{"href":"https:\/\/www.ministeriodegobierno.gob.ec\/derechoshumanos\/wp-json\/wp\/v2\/posts\/14293","targetHints":{"allow":["GET"]}}],"collection":[{"href":"https:\/\/www.ministeriodegobierno.gob.ec\/derechoshumanos\/wp-json\/wp\/v2\/posts"}],"about":[{"href":"https:\/\/www.ministeriodegobierno.gob.ec\/derechoshumanos\/wp-json\/wp\/v2\/types\/post"}],"author":[{"embeddable":true,"href":"https:\/\/www.ministeriodegobierno.gob.ec\/derechoshumanos\/wp-json\/wp\/v2\/users\/6"}],"replies":[{"embeddable":true,"href":"https:\/\/www.ministeriodegobierno.gob.ec\/derechoshumanos\/wp-json\/wp\/v2\/comments?post=14293"}],"version-history":[{"count":1,"href":"https:\/\/www.ministeriodegobierno.gob.ec\/derechoshumanos\/wp-json\/wp\/v2\/posts\/14293\/revisions"}],"predecessor-version":[{"id":14295,"href":"https:\/\/www.ministeriodegobierno.gob.ec\/derechoshumanos\/wp-json\/wp\/v2\/posts\/14293\/revisions\/14295"}],"wp:featuredmedia":[{"embeddable":true,"href":"https:\/\/www.ministeriodegobierno.gob.ec\/derechoshumanos\/wp-json\/wp\/v2\/media\/14294"}],"wp:attachment":[{"href":"https:\/\/www.ministeriodegobierno.gob.ec\/derechoshumanos\/wp-json\/wp\/v2\/media?parent=14293"}],"wp:term":[{"taxonomy":"category","embeddable":true,"href":"https:\/\/www.ministeriodegobierno.gob.ec\/derechoshumanos\/wp-json\/wp\/v2\/categories?post=14293"},{"taxonomy":"post_tag","embeddable":true,"href":"https:\/\/www.ministeriodegobierno.gob.ec\/derechoshumanos\/wp-json\/wp\/v2\/tags?post=14293"}],"curies":[{"name":"wp","href":"https:\/\/api.w.org\/{rel}","templated":true}]}}