{"id":14296,"date":"2022-12-30T16:13:33","date_gmt":"2022-12-30T21:13:33","guid":{"rendered":"https:\/\/www.derechoshumanos.gob.ec\/?p=14296"},"modified":"2022-12-30T16:13:33","modified_gmt":"2022-12-30T21:13:33","slug":"ministerio-de-la-mujer-y-derechos-humanos-brindo-taller-rompe-el-ciclo-de-violencia","status":"publish","type":"post","link":"https:\/\/www.ministeriodegobierno.gob.ec\/derechoshumanos\/2022\/12\/30\/ministerio-de-la-mujer-y-derechos-humanos-brindo-taller-rompe-el-ciclo-de-violencia\/","title":{"rendered":"Ministerio de la Mujer y Derechos Humanos brind\u00f3 taller \u201cRompe el ciclo de violencia\u201d"},"content":{"rendered":"<p><strong>Tungurahua, \u00a030 de diciembre del 2022._ \u00a0<\/strong>El equipo t\u00e9cnico del Servicio de Protecci\u00f3n Integral del Ministerio de la Mujer y Derechos Humanos brind\u00f3 el taller pr\u00e1ctico: \u201cRompe el ciclo de la violencia\u201d a la ciudadan\u00eda en Chimborazo.<\/p>\n<p>El objetivo fue sensibilizar a ni\u00f1os, ni\u00f1as y adolescentes a fin de que reconozcan las se\u00f1ales de la violencia para que puedan ayudar a sus amigos, familiares o conocidos que est\u00e9n siendo vulnerados.<\/p>\n<p>\u201cEl Ministerio de la Mujer y Derechos Humanos, mediante las mesa de dialogo logramos alcanzar un gran n\u00famero de personas\u00a0 de la sociedad civil e instituciones p\u00fablicas con las que se\u00a0 trabaj\u00f3 en los 7 ejes fundamentales para erradicar la violencia y generar procesos de concientizaci\u00f3n en los ciudadanos\u201d dijo Vanessa Barros, sirectora Zonal 3.<\/p>\n<p>Adem\u00e1s, se inform\u00f3 las competencias de las instituciones que receptan las denuncias, se imparti\u00f3 los tipos y ciclos de la violencia, ruta de atenci\u00f3n, Medidas de Protecci\u00f3n Inmediata (MAPIS) y se realiz\u00f3 el an\u00e1lisis de casos de violencia de g\u00e9nero.<\/p>\n","protected":false},"excerpt":{"rendered":"<p class=\"excerpt\">Tungurahua, \u00a030 de diciembre del 2022._ \u00a0El equipo t\u00e9cnico del Servicio de Protecci\u00f3n Integral del Ministerio de la Mujer y Derechos Humanos brind\u00f3 el taller pr\u00e1ctico: \u201cRompe el ciclo de la violencia\u201d a la ciudadan\u00eda en Chimborazo. El objetivo fue sensibilizar a ni\u00f1os, ni\u00f1as y adolescentes a fin de que reconozcan las se\u00f1ales de la violencia para que puedan ayudar&hellip; <a href=\"https:\/\/www.ministeriodegobierno.gob.ec\/derechoshumanos\/2022\/12\/30\/ministerio-de-la-mujer-y-derechos-humanos-brindo-taller-rompe-el-ciclo-de-violencia\/\">Read more &rarr;<\/a><\/p>\n","protected":false},"author":8,"featured_media":14297,"comment_status":"closed","ping_status":"closed","sticky":false,"template":"","format":"standard","meta":{"footnotes":""},"categories":[20,5,6],"tags":[56],"class_list":["post-14296","post","type-post","status-publish","format-standard","has-post-thumbnail","hentry","category-boletin-de-prensa","category-noticias","category-noticias-destacadas","tag-capacitaciones","xfolkentry"],"_links":{"self":[{"href":"https:\/\/www.ministeriodegobierno.gob.ec\/derechoshumanos\/wp-json\/wp\/v2\/posts\/14296","targetHints":{"allow":["GET"]}}],"collection":[{"href":"https:\/\/www.ministeriodegobierno.gob.ec\/derechoshumanos\/wp-json\/wp\/v2\/posts"}],"about":[{"href":"https:\/\/www.ministeriodegobierno.gob.ec\/derechoshumanos\/wp-json\/wp\/v2\/types\/post"}],"author":[{"embeddable":true,"href":"https:\/\/www.ministeriodegobierno.gob.ec\/derechoshumanos\/wp-json\/wp\/v2\/users\/8"}],"replies":[{"embeddable":true,"href":"https:\/\/www.ministeriodegobierno.gob.ec\/derechoshumanos\/wp-json\/wp\/v2\/comments?post=14296"}],"version-history":[{"count":1,"href":"https:\/\/www.ministeriodegobierno.gob.ec\/derechoshumanos\/wp-json\/wp\/v2\/posts\/14296\/revisions"}],"predecessor-version":[{"id":14298,"href":"https:\/\/www.ministeriodegobierno.gob.ec\/derechoshumanos\/wp-json\/wp\/v2\/posts\/14296\/revisions\/14298"}],"wp:featuredmedia":[{"embeddable":true,"href":"https:\/\/www.ministeriodegobierno.gob.ec\/derechoshumanos\/wp-json\/wp\/v2\/media\/14297"}],"wp:attachment":[{"href":"https:\/\/www.ministeriodegobierno.gob.ec\/derechoshumanos\/wp-json\/wp\/v2\/media?parent=14296"}],"wp:term":[{"taxonomy":"category","embeddable":true,"href":"https:\/\/www.ministeriodegobierno.gob.ec\/derechoshumanos\/wp-json\/wp\/v2\/categories?post=14296"},{"taxonomy":"post_tag","embeddable":true,"href":"https:\/\/www.ministeriodegobierno.gob.ec\/derechoshumanos\/wp-json\/wp\/v2\/tags?post=14296"}],"curies":[{"name":"wp","href":"https:\/\/api.w.org\/{rel}","templated":true}]}}