{"id":14299,"date":"2023-01-04T13:56:07","date_gmt":"2023-01-04T18:56:07","guid":{"rendered":"https:\/\/www.derechoshumanos.gob.ec\/?p=14299"},"modified":"2023-01-04T13:56:08","modified_gmt":"2023-01-04T18:56:08","slug":"escuela-de-formacion-de-lideresas-continuara-su-trabajo-gracias-a-convenio-firmado-con-la-fundacion-esquel","status":"publish","type":"post","link":"https:\/\/www.ministeriodegobierno.gob.ec\/derechoshumanos\/2023\/01\/04\/escuela-de-formacion-de-lideresas-continuara-su-trabajo-gracias-a-convenio-firmado-con-la-fundacion-esquel\/","title":{"rendered":"Escuela de Formaci\u00f3n de Lideresas continuar\u00e1 su trabajo gracias a convenio firmado con la Fundaci\u00f3n Esquel"},"content":{"rendered":"<p><strong>Quito 04 de enero._<\/strong> El Ministerio de la Mujer y Derechos Humanos\u00a0 suscribi\u00f3\u00a0 convenio de cooperaci\u00f3n con \u00a0la Fundaci\u00f3n Esquel el 4 de enero de 2023 con el objetivo de fortalecer y ampliar la acci\u00f3n de la Escuela de Formaci\u00f3n de Lideresas: \u201cMujeres desde sus Propias Voces\u201d.<\/p>\n<p>Este instrumento, suscrito por la ministra Paola Flores Jaramillo y Humberto Salvador, director ejecutivo de Fundaci\u00f3n Esquel, tiene \u00a0el objetivo de contribuir a la formaci\u00f3n de las\u00a0 mujeres, \u00a0fortaleciendo su rol activo dentro de sus movimientos y organizaciones sociales e impulsando la conformaci\u00f3n de nuevas organizaciones a trav\u00e9s del empoderamiento social para eliminar la discriminaci\u00f3n, prevenir y erradicar la violencia de g\u00e9nero en espacios de toma de decisiones a nivel local, regional y nacional a trav\u00e9s de la generaci\u00f3n de herramientas y procesos formativos para fomentar el ejercicio del derecho a la participaci\u00f3n ciudadana.<\/p>\n<p><em>La Escuela de Lideresas\u00a0 \u201cMujeres desde sus Propias Voces\u00bb ha sido de gran \u00e9xito ya que s\u00e9 replicaron los contenidos a 600 mujeres logrando que se fortalezcan sus conocimientos\u00bb<\/em> mencion\u00f3 la Ministra de la Mujer y Derechos Humanos.<\/p>\n<p>Cesar Ulloa, coordinador del proyecto Di\u00e1logos Nacionales enfatiz\u00f3 que la Fundaci\u00f3n Esquel est\u00e1 dispuesta a aunar esfuerzos para continuar sacando adelante esta iniciativa.<\/p>\n<p>Por su parte, Samia M\u00e1rmol, subsecretaria de Movimientos Sociales, manifest\u00f3 que los resultados que se ver\u00e1n de este gran proyecto llevar\u00e1n a seguir posicionando a mujeres lideresas en la zona sur del pa\u00eds.<\/p>\n<p>En este sentido se acord\u00f3 viabilizar la colaboraci\u00f3n interinstitucional entre el Ministerio de la Mujer y Derechos Humanos y Fundaci\u00f3n Esquel en el marco del proyecto Di\u00e1logos Nacionales: un Pacto por el ma\u00f1ana con el apoyo de la Uni\u00f3n Europea donde se pretende que 90 personas de la zona sur sean formadas en modalidad directa y replicar a 450 mujeres de las zonas rurales y de pueblos y nacionalidades.<\/p>\n<p>&nbsp;<\/p>\n<p>&nbsp;<\/p>\n","protected":false},"excerpt":{"rendered":"<p class=\"excerpt\">Quito 04 de enero._ El Ministerio de la Mujer y Derechos Humanos\u00a0 suscribi\u00f3\u00a0 convenio de cooperaci\u00f3n con \u00a0la Fundaci\u00f3n Esquel el 4 de enero de 2023 con el objetivo de fortalecer y ampliar la acci\u00f3n de la Escuela de Formaci\u00f3n de Lideresas: \u201cMujeres desde sus Propias Voces\u201d. Este instrumento, suscrito por la ministra Paola Flores Jaramillo y Humberto Salvador, director&hellip; <a href=\"https:\/\/www.ministeriodegobierno.gob.ec\/derechoshumanos\/2023\/01\/04\/escuela-de-formacion-de-lideresas-continuara-su-trabajo-gracias-a-convenio-firmado-con-la-fundacion-esquel\/\">Read more &rarr;<\/a><\/p>\n","protected":false},"author":8,"featured_media":14300,"comment_status":"closed","ping_status":"closed","sticky":false,"template":"","format":"standard","meta":{"footnotes":""},"categories":[20,5,6],"tags":[67],"class_list":["post-14299","post","type-post","status-publish","format-standard","has-post-thumbnail","hentry","category-boletin-de-prensa","category-noticias","category-noticias-destacadas","tag-convenios","xfolkentry"],"_links":{"self":[{"href":"https:\/\/www.ministeriodegobierno.gob.ec\/derechoshumanos\/wp-json\/wp\/v2\/posts\/14299","targetHints":{"allow":["GET"]}}],"collection":[{"href":"https:\/\/www.ministeriodegobierno.gob.ec\/derechoshumanos\/wp-json\/wp\/v2\/posts"}],"about":[{"href":"https:\/\/www.ministeriodegobierno.gob.ec\/derechoshumanos\/wp-json\/wp\/v2\/types\/post"}],"author":[{"embeddable":true,"href":"https:\/\/www.ministeriodegobierno.gob.ec\/derechoshumanos\/wp-json\/wp\/v2\/users\/8"}],"replies":[{"embeddable":true,"href":"https:\/\/www.ministeriodegobierno.gob.ec\/derechoshumanos\/wp-json\/wp\/v2\/comments?post=14299"}],"version-history":[{"count":1,"href":"https:\/\/www.ministeriodegobierno.gob.ec\/derechoshumanos\/wp-json\/wp\/v2\/posts\/14299\/revisions"}],"predecessor-version":[{"id":14301,"href":"https:\/\/www.ministeriodegobierno.gob.ec\/derechoshumanos\/wp-json\/wp\/v2\/posts\/14299\/revisions\/14301"}],"wp:featuredmedia":[{"embeddable":true,"href":"https:\/\/www.ministeriodegobierno.gob.ec\/derechoshumanos\/wp-json\/wp\/v2\/media\/14300"}],"wp:attachment":[{"href":"https:\/\/www.ministeriodegobierno.gob.ec\/derechoshumanos\/wp-json\/wp\/v2\/media?parent=14299"}],"wp:term":[{"taxonomy":"category","embeddable":true,"href":"https:\/\/www.ministeriodegobierno.gob.ec\/derechoshumanos\/wp-json\/wp\/v2\/categories?post=14299"},{"taxonomy":"post_tag","embeddable":true,"href":"https:\/\/www.ministeriodegobierno.gob.ec\/derechoshumanos\/wp-json\/wp\/v2\/tags?post=14299"}],"curies":[{"name":"wp","href":"https:\/\/api.w.org\/{rel}","templated":true}]}}