{"id":14305,"date":"2023-01-06T13:06:35","date_gmt":"2023-01-06T18:06:35","guid":{"rendered":"https:\/\/www.derechoshumanos.gob.ec\/?p=14305"},"modified":"2023-01-06T13:09:25","modified_gmt":"2023-01-06T18:09:25","slug":"ministerio-de-la-mujer-y-derechos-humanos-trabaja-para-la-prevencion-y-erradicacion-de-la-violencia-en-la-region-amazonica","status":"publish","type":"post","link":"https:\/\/www.ministeriodegobierno.gob.ec\/derechoshumanos\/2023\/01\/06\/ministerio-de-la-mujer-y-derechos-humanos-trabaja-para-la-prevencion-y-erradicacion-de-la-violencia-en-la-region-amazonica\/","title":{"rendered":"Ministerio de la Mujer y Derechos Humanos trabaja\u00a0para la prevenci\u00f3n y erradicaci\u00f3n de la violencia en la regi\u00f3n amaz\u00f3nica"},"content":{"rendered":"<p><strong>Quito, 06 de enero del 2023._\u00a0 <\/strong>La ministra de la Mujer y Derechos Humanos, Paola Flores Jaramillo, presidi\u00f3 la reuni\u00f3n de trabajo con mujeres amaz\u00f3nicas de las provincias de: Napo, Morona Santiago, Orellana, Zamora Chinchipe, Pastaza, Sucumb\u00edos y de la Red Nacional de Apoyo a la Mujer Ecuatoriana (RENAME). La actividad se realiz\u00f3 en coordinaci\u00f3n con el Consejo Nacional para la Igualdad de G\u00e9nero y el Programa de las Naciones Unidas para el Desarrollo (PNUD).<\/p>\n<p>El objetivo de este espacio fue dialogar sobre las acciones para prevenir y erradicar la violencia contra las mujeres en esta regi\u00f3n del pa\u00eds.<\/p>\n<p>La Ministra de la Mujer y Derechos Humanos resalt\u00f3 la importancia de la participaci\u00f3n activa para construir pol\u00edticas p\u00fablicas que garanticen los derechos humanos y manifest\u00f3 <em>\u00ablas mujeres de la Amazon\u00eda, sus voces, deben ser escuchadas porque el Ministerio es de ellas, de todas las mujeres del pa\u00eds\u00bb<\/em>.<\/p>\n<p>En \u00a0este sentido se trataron varias temas:<\/p>\n<ol>\n<li>Incorporaci\u00f3n de presupuestos especiales para resolver el incremento de femicidios, uno de los problemas de violencia de g\u00e9nero hacia las mujeres amaz\u00f3nicas.<\/li>\n<li>Cumplimiento de los mecanismos de participaci\u00f3n y representaci\u00f3n de las mujeres, como la paridad en la designaci\u00f3n de autoridades locales, espacio en toma de decisiones sobre\u00a0 pol\u00edticas p\u00fablicas y presupuestos participativos.<\/li>\n<li>Incorporar los principios de igualdad, no discriminaci\u00f3n y participaci\u00f3n social y comunitaria como mandato central en la normativa.<\/li>\n<li>Transversalizaci\u00f3n del enfoque de g\u00e9nero, intergeneracional e intercultural<\/li>\n<li>Construcci\u00f3n de las agendas amaz\u00f3nica para la igualdad.<\/li>\n<\/ol>\n<p>Matilde Mortd, representante de PNUD, mencion\u00f3 que le complace ser un v\u00ednculo para apoyar en el proceso de di\u00e1logo para prevenir y erradicar la violencia en la regi\u00f3n amaz\u00f3nica a trav\u00e9s del fortalecimiento de procesos locales.<\/p>\n<p>De su lado, Cristina Almeida, secretaria t\u00e9cnica del Consejo Nacional para la Igualdad de G\u00e9nero, indic\u00f3 que el trabajo conjunto permitir\u00e1 tener un espacio participativo de di\u00e1logo con las mujeres de todo el pa\u00eds.<\/p>\n","protected":false},"excerpt":{"rendered":"<p class=\"excerpt\">La ministra de la Mujer y Derechos Humanos, Paola Flores Jaramillo, presidi\u00f3 la reuni\u00f3n de trabajo con mujeres amaz\u00f3nicas de las provincias de: Napo, Morona Santiago, Orellana, Zamora Chinchipe, Pastaza, Sucumb\u00edos y de la Red Nacional de Apoyo a la Mujer Ecuatoriana (RENAME). La actividad se realiz\u00f3 en coordinaci\u00f3n con el Consejo Nacional para la Igualdad de G\u00e9nero y el Programa de las Naciones Unidas para el Desarrollo (PNUD). <a href=\"https:\/\/www.ministeriodegobierno.gob.ec\/derechoshumanos\/2023\/01\/06\/ministerio-de-la-mujer-y-derechos-humanos-trabaja-para-la-prevencion-y-erradicacion-de-la-violencia-en-la-region-amazonica\/\">Read more &rarr;<\/a><\/p>\n","protected":false},"author":6,"featured_media":14306,"comment_status":"closed","ping_status":"closed","sticky":false,"template":"","format":"standard","meta":{"footnotes":""},"categories":[20,5,6],"tags":[28,61,68,69],"class_list":["post-14305","post","type-post","status-publish","format-standard","has-post-thumbnail","hentry","category-boletin-de-prensa","category-noticias","category-noticias-destacadas","tag-ddhh","tag-ministerio-de-la-mujer","tag-mujeres-amazonicas","tag-prevencion-y-erradicacion-de-la-violencia-de-genero","xfolkentry"],"_links":{"self":[{"href":"https:\/\/www.ministeriodegobierno.gob.ec\/derechoshumanos\/wp-json\/wp\/v2\/posts\/14305","targetHints":{"allow":["GET"]}}],"collection":[{"href":"https:\/\/www.ministeriodegobierno.gob.ec\/derechoshumanos\/wp-json\/wp\/v2\/posts"}],"about":[{"href":"https:\/\/www.ministeriodegobierno.gob.ec\/derechoshumanos\/wp-json\/wp\/v2\/types\/post"}],"author":[{"embeddable":true,"href":"https:\/\/www.ministeriodegobierno.gob.ec\/derechoshumanos\/wp-json\/wp\/v2\/users\/6"}],"replies":[{"embeddable":true,"href":"https:\/\/www.ministeriodegobierno.gob.ec\/derechoshumanos\/wp-json\/wp\/v2\/comments?post=14305"}],"version-history":[{"count":3,"href":"https:\/\/www.ministeriodegobierno.gob.ec\/derechoshumanos\/wp-json\/wp\/v2\/posts\/14305\/revisions"}],"predecessor-version":[{"id":14309,"href":"https:\/\/www.ministeriodegobierno.gob.ec\/derechoshumanos\/wp-json\/wp\/v2\/posts\/14305\/revisions\/14309"}],"wp:featuredmedia":[{"embeddable":true,"href":"https:\/\/www.ministeriodegobierno.gob.ec\/derechoshumanos\/wp-json\/wp\/v2\/media\/14306"}],"wp:attachment":[{"href":"https:\/\/www.ministeriodegobierno.gob.ec\/derechoshumanos\/wp-json\/wp\/v2\/media?parent=14305"}],"wp:term":[{"taxonomy":"category","embeddable":true,"href":"https:\/\/www.ministeriodegobierno.gob.ec\/derechoshumanos\/wp-json\/wp\/v2\/categories?post=14305"},{"taxonomy":"post_tag","embeddable":true,"href":"https:\/\/www.ministeriodegobierno.gob.ec\/derechoshumanos\/wp-json\/wp\/v2\/tags?post=14305"}],"curies":[{"name":"wp","href":"https:\/\/api.w.org\/{rel}","templated":true}]}}