{"id":14310,"date":"2023-01-06T16:34:07","date_gmt":"2023-01-06T21:34:07","guid":{"rendered":"https:\/\/www.derechoshumanos.gob.ec\/?p=14310"},"modified":"2023-01-06T16:34:56","modified_gmt":"2023-01-06T21:34:56","slug":"ministerio-de-la-mujer-y-derechos-humanos-coordino-retorno-de-victimas-de-trata-de-personas","status":"publish","type":"post","link":"https:\/\/www.ministeriodegobierno.gob.ec\/derechoshumanos\/2023\/01\/06\/ministerio-de-la-mujer-y-derechos-humanos-coordino-retorno-de-victimas-de-trata-de-personas\/","title":{"rendered":"Ministerio de la Mujer y Derechos Humanos coordin\u00f3 retorno de v\u00edctimas de trata de personas"},"content":{"rendered":"<p><strong>Tulc\u00e1n, 6 de enero de 2023.- <\/strong>El Ministerio de la Mujer y Derechos Humanos, por medio de la Direcci\u00f3n Zonal 1, coordin\u00f3 el recibimiento y acompa\u00f1amiento a dos adolescentes sobrevivientes de trata de personas, quienes se encontraban en Colombia.<\/p>\n<p>Nuestro equipo del Servicio de Protecci\u00f3n Integral (SPI), junto con los familiares de los adolescentes y representantes de otras instituciones del Estado, acudi\u00f3 al Puente Rumichaca, donde se desarroll\u00f3 el encuentro en un espacio de escucha activa y expresi\u00f3n de emociones, debido a la conmoci\u00f3n que han sufrido por los eventos suscitados.<\/p>\n<p>El SPI brind\u00f3 atenci\u00f3n psicosocial a los dos adolescentes, quienes relataron que sent\u00edan muy afectados emocionalmente durante el tiempo que permanecieron en el grupo irregular colombiano en contra de su voluntad sin embargo hoy se sienten m\u00e1s estable.<\/p>\n<p>Durante el encuentro con sus madres se evidenci\u00f3 una conmoci\u00f3n emocional muy fuerte, se les brind\u00f3 apoyo psicol\u00f3gico durante todo el encuentro y posteriormente se les acompa\u00f1\u00f3 hasta una casa de acogida temporal .<\/p>\n<p>Los adolescentes fueron reclutados mediante enga\u00f1os por un grupo irregular de Colombia, este caso fue reportado por la Defensor\u00eda del Pueblo de del vecino pa\u00eds a la Defensor\u00eda del Pueblo de Esmeraldas con la finalidad de encontrar a sus familiares.<\/p>\n<p>Una vez conocido el caso, se mantuvo una reuni\u00f3n de trabajo con el Comit\u00e9 Interinstitucional de Coordinaci\u00f3n para la prevenci\u00f3n de Trata y Tr\u00e1fico Il\u00edcito de Migrantes con el objetivo de ultimar detalles antes del arribo de las dos personas.<\/p>\n<p>Al respecto el director zonal 1, Carlos Espinoza manifest\u00f3: <em>\u201cel principal objetivo de los equipos del Ministerio de la Mujer y Derechos Humanos en territorio es brindar acompa\u00f1amiento integral a sobrevivientes de violencia y su entorno, coordinando una activaci\u00f3n interinstitucional emp\u00e1tica y sensible a nivel nacional\u201d.<\/em><\/p>\n<p>&nbsp;<\/p>\n<p>&nbsp;<\/p>\n<p>&nbsp;<\/p>\n","protected":false},"excerpt":{"rendered":"<p class=\"excerpt\">Tulc\u00e1n, 6 de enero de 2023.- El Ministerio de la Mujer y Derechos Humanos, por medio de la Direcci\u00f3n Zonal 1, coordin\u00f3 el recibimiento y acompa\u00f1amiento a dos adolescentes sobrevivientes de trata de personas, quienes se encontraban en Colombia. Nuestro equipo del Servicio de Protecci\u00f3n Integral (SPI), junto con los familiares de los adolescentes y representantes de otras instituciones del&hellip; <a href=\"https:\/\/www.ministeriodegobierno.gob.ec\/derechoshumanos\/2023\/01\/06\/ministerio-de-la-mujer-y-derechos-humanos-coordino-retorno-de-victimas-de-trata-de-personas\/\">Read more &rarr;<\/a><\/p>\n","protected":false},"author":6,"featured_media":14311,"comment_status":"closed","ping_status":"closed","sticky":false,"template":"","format":"standard","meta":{"footnotes":""},"categories":[20,5,6],"tags":[70,66,71],"class_list":["post-14310","post","type-post","status-publish","format-standard","has-post-thumbnail","hentry","category-boletin-de-prensa","category-noticias","category-noticias-destacadas","tag-atencion","tag-mmddhh","tag-trata-de-personas","xfolkentry"],"_links":{"self":[{"href":"https:\/\/www.ministeriodegobierno.gob.ec\/derechoshumanos\/wp-json\/wp\/v2\/posts\/14310","targetHints":{"allow":["GET"]}}],"collection":[{"href":"https:\/\/www.ministeriodegobierno.gob.ec\/derechoshumanos\/wp-json\/wp\/v2\/posts"}],"about":[{"href":"https:\/\/www.ministeriodegobierno.gob.ec\/derechoshumanos\/wp-json\/wp\/v2\/types\/post"}],"author":[{"embeddable":true,"href":"https:\/\/www.ministeriodegobierno.gob.ec\/derechoshumanos\/wp-json\/wp\/v2\/users\/6"}],"replies":[{"embeddable":true,"href":"https:\/\/www.ministeriodegobierno.gob.ec\/derechoshumanos\/wp-json\/wp\/v2\/comments?post=14310"}],"version-history":[{"count":1,"href":"https:\/\/www.ministeriodegobierno.gob.ec\/derechoshumanos\/wp-json\/wp\/v2\/posts\/14310\/revisions"}],"predecessor-version":[{"id":14312,"href":"https:\/\/www.ministeriodegobierno.gob.ec\/derechoshumanos\/wp-json\/wp\/v2\/posts\/14310\/revisions\/14312"}],"wp:featuredmedia":[{"embeddable":true,"href":"https:\/\/www.ministeriodegobierno.gob.ec\/derechoshumanos\/wp-json\/wp\/v2\/media\/14311"}],"wp:attachment":[{"href":"https:\/\/www.ministeriodegobierno.gob.ec\/derechoshumanos\/wp-json\/wp\/v2\/media?parent=14310"}],"wp:term":[{"taxonomy":"category","embeddable":true,"href":"https:\/\/www.ministeriodegobierno.gob.ec\/derechoshumanos\/wp-json\/wp\/v2\/categories?post=14310"},{"taxonomy":"post_tag","embeddable":true,"href":"https:\/\/www.ministeriodegobierno.gob.ec\/derechoshumanos\/wp-json\/wp\/v2\/tags?post=14310"}],"curies":[{"name":"wp","href":"https:\/\/api.w.org\/{rel}","templated":true}]}}