{"id":14356,"date":"2023-01-10T10:33:02","date_gmt":"2023-01-10T15:33:02","guid":{"rendered":"https:\/\/www.derechoshumanos.gob.ec\/?p=14356"},"modified":"2023-01-10T10:33:54","modified_gmt":"2023-01-10T15:33:54","slug":"manta-fue-sede-de-taller-sobre-masculinidades-no-violentas-y-entornos-seguros","status":"publish","type":"post","link":"https:\/\/www.ministeriodegobierno.gob.ec\/derechoshumanos\/2023\/01\/10\/manta-fue-sede-de-taller-sobre-masculinidades-no-violentas-y-entornos-seguros\/","title":{"rendered":"Manta fue sede de taller sobre masculinidades no violentas y entornos seguros"},"content":{"rendered":"<p><strong>Manta, 10 de enero del 2023._ \u00a0<\/strong>El Ministerio de la Mujer y Derechos Humanos, por medio de su Servicio de Protecci\u00f3n Integral, imparti\u00f3 taller de sensibilizaci\u00f3n en el espacio de apoyo integral de Manta, donde se abord\u00f3 el tema de masculinidades no violentas y entornos seguros a 35 personas, entre instructores e instructoras de escuelas deportivas para ni\u00f1ez y adolescencia.<\/p>\n<p>El objetivo de estos procesos de capacitaci\u00f3n es identificar, actuar, prevenir y garantizar la protecci\u00f3n a personas v\u00edctimas de violencia de g\u00e9nero a trav\u00e9s de las rutas correspondientes, as\u00ed como, sensibilizar y educar a hombres y mujeres a fin de informar la importancia de convivir en una sociedad con igualdad de derechos y oportunidades.<\/p>\n<p><em>\u201cBrindar estos talleres de sensibilizaci\u00f3n dirigidos a instructores de escuelas deportivas, contribuye a garantizar ambientes seguros y sanos\u201d.<\/em> Expres\u00f3 Juan Carlos Pe\u00f1afiel,\u00a0 coordinador de la Oficina T\u00e9cnica Zonal 4.<\/p>\n<p>La tem\u00e1tica de este taller tambi\u00e9n se aplicar\u00e1 a padres de familia de estas escuelas deportivas, as\u00ed como, a los ni\u00f1os, ni\u00f1as y adolescentes que asisten a las mismas.<\/p>\n<p>&nbsp;<\/p>\n<p>&nbsp;<\/p>\n","protected":false},"excerpt":{"rendered":"<p class=\"excerpt\">Manta, 10 de enero del 2023._ \u00a0El Ministerio de la Mujer y Derechos Humanos, por medio de su Servicio de Protecci\u00f3n Integral, imparti\u00f3 taller de sensibilizaci\u00f3n en el espacio de apoyo integral de Manta, donde se abord\u00f3 el tema de masculinidades no violentas y entornos seguros a 35 personas, entre instructores e instructoras de escuelas deportivas para ni\u00f1ez y adolescencia.&hellip; <a href=\"https:\/\/www.ministeriodegobierno.gob.ec\/derechoshumanos\/2023\/01\/10\/manta-fue-sede-de-taller-sobre-masculinidades-no-violentas-y-entornos-seguros\/\">Read more &rarr;<\/a><\/p>\n","protected":false},"author":8,"featured_media":14359,"comment_status":"closed","ping_status":"closed","sticky":false,"template":"","format":"standard","meta":{"footnotes":""},"categories":[20,5,6],"tags":[56],"class_list":["post-14356","post","type-post","status-publish","format-standard","has-post-thumbnail","hentry","category-boletin-de-prensa","category-noticias","category-noticias-destacadas","tag-capacitaciones","xfolkentry"],"_links":{"self":[{"href":"https:\/\/www.ministeriodegobierno.gob.ec\/derechoshumanos\/wp-json\/wp\/v2\/posts\/14356","targetHints":{"allow":["GET"]}}],"collection":[{"href":"https:\/\/www.ministeriodegobierno.gob.ec\/derechoshumanos\/wp-json\/wp\/v2\/posts"}],"about":[{"href":"https:\/\/www.ministeriodegobierno.gob.ec\/derechoshumanos\/wp-json\/wp\/v2\/types\/post"}],"author":[{"embeddable":true,"href":"https:\/\/www.ministeriodegobierno.gob.ec\/derechoshumanos\/wp-json\/wp\/v2\/users\/8"}],"replies":[{"embeddable":true,"href":"https:\/\/www.ministeriodegobierno.gob.ec\/derechoshumanos\/wp-json\/wp\/v2\/comments?post=14356"}],"version-history":[{"count":1,"href":"https:\/\/www.ministeriodegobierno.gob.ec\/derechoshumanos\/wp-json\/wp\/v2\/posts\/14356\/revisions"}],"predecessor-version":[{"id":14358,"href":"https:\/\/www.ministeriodegobierno.gob.ec\/derechoshumanos\/wp-json\/wp\/v2\/posts\/14356\/revisions\/14358"}],"wp:featuredmedia":[{"embeddable":true,"href":"https:\/\/www.ministeriodegobierno.gob.ec\/derechoshumanos\/wp-json\/wp\/v2\/media\/14359"}],"wp:attachment":[{"href":"https:\/\/www.ministeriodegobierno.gob.ec\/derechoshumanos\/wp-json\/wp\/v2\/media?parent=14356"}],"wp:term":[{"taxonomy":"category","embeddable":true,"href":"https:\/\/www.ministeriodegobierno.gob.ec\/derechoshumanos\/wp-json\/wp\/v2\/categories?post=14356"},{"taxonomy":"post_tag","embeddable":true,"href":"https:\/\/www.ministeriodegobierno.gob.ec\/derechoshumanos\/wp-json\/wp\/v2\/tags?post=14356"}],"curies":[{"name":"wp","href":"https:\/\/api.w.org\/{rel}","templated":true}]}}