{"id":14360,"date":"2023-01-10T11:20:52","date_gmt":"2023-01-10T16:20:52","guid":{"rendered":"https:\/\/www.derechoshumanos.gob.ec\/?p=14360"},"modified":"2023-01-10T11:20:52","modified_gmt":"2023-01-10T16:20:52","slug":"servicio-de-proteccion-integral-impartio-taller-sobre-prevencion-de-uso-de-drogas-en-portoviejo","status":"publish","type":"post","link":"https:\/\/www.ministeriodegobierno.gob.ec\/derechoshumanos\/2023\/01\/10\/servicio-de-proteccion-integral-impartio-taller-sobre-prevencion-de-uso-de-drogas-en-portoviejo\/","title":{"rendered":"Servicio de Protecci\u00f3n Integral imparti\u00f3 taller sobre prevenci\u00f3n de uso de drogas en Portoviejo"},"content":{"rendered":"<p><strong>Portoviejo, 10 de enero del 2023._<\/strong> El Servicio de Protecci\u00f3n Integral del Ministerio de la Mujer y Derechos Humanos capacit\u00f3 a 23 docentes de la Unidad Educativa \u00abPablo Hann\u00edbal Vela\u00bb sobre el no uso de drogas a fin de prevenir y erradicar todo tipo de violencia generadas por el consumo de estas sustancias.<\/p>\n<p>El taller se lo realiz\u00f3 a trav\u00e9s de din\u00e1micas expositivas y participativas, an\u00e1lisis de casos en grupo, lluvia de ideas y preguntas\/respuestas para analizar cu\u00e1les son los factores de protecci\u00f3n que ayudan a prevenir el consumo de sustancias con el objetivo de fortalecer las redes familiares.<\/p>\n<p>Juan Carlos Pe\u00f1afiel, coordinador de la Zona 4 del Ministerio de la Mujer y Derechos Humanos, mencion\u00f3 que el consumo de sustancia psicotr\u00f3picas sin duda es un elemento que contribuye a la violencia basada en g\u00e9nero por ello es fundamental trabajar para prevenir los factores que influyen para que se perpet\u00fae la violencia. <em>\u201cSeguiremos brindando este tipo de espacios con la finalidad de sensibilizar a la poblaci\u00f3n para la reducci\u00f3n significativa de la violencia basada en g\u00e9nero<\/em>\u201d, recalc\u00f3.<\/p>\n<p>El taller dictado a los docentes ser\u00e1 replicado a los padres, madres de familias y sus hijos e hijas con el fin de sensibilizar para prevenir y erradicar la violencia.<\/p>\n<p>&nbsp;<\/p>\n<p><strong>\u00a0<\/strong><\/p>\n","protected":false},"excerpt":{"rendered":"<p class=\"excerpt\">Portoviejo, 10 de enero del 2023._ El Servicio de Protecci\u00f3n Integral del Ministerio de la Mujer y Derechos Humanos capacit\u00f3 a 23 docentes de la Unidad Educativa \u00abPablo Hann\u00edbal Vela\u00bb sobre el no uso de drogas a fin de prevenir y erradicar todo tipo de violencia generadas por el consumo de estas sustancias. El taller se lo realiz\u00f3 a trav\u00e9s&hellip; <a href=\"https:\/\/www.ministeriodegobierno.gob.ec\/derechoshumanos\/2023\/01\/10\/servicio-de-proteccion-integral-impartio-taller-sobre-prevencion-de-uso-de-drogas-en-portoviejo\/\">Read more &rarr;<\/a><\/p>\n","protected":false},"author":8,"featured_media":14361,"comment_status":"closed","ping_status":"closed","sticky":false,"template":"","format":"standard","meta":{"footnotes":""},"categories":[20,5,6],"tags":[56],"class_list":["post-14360","post","type-post","status-publish","format-standard","has-post-thumbnail","hentry","category-boletin-de-prensa","category-noticias","category-noticias-destacadas","tag-capacitaciones","xfolkentry"],"_links":{"self":[{"href":"https:\/\/www.ministeriodegobierno.gob.ec\/derechoshumanos\/wp-json\/wp\/v2\/posts\/14360","targetHints":{"allow":["GET"]}}],"collection":[{"href":"https:\/\/www.ministeriodegobierno.gob.ec\/derechoshumanos\/wp-json\/wp\/v2\/posts"}],"about":[{"href":"https:\/\/www.ministeriodegobierno.gob.ec\/derechoshumanos\/wp-json\/wp\/v2\/types\/post"}],"author":[{"embeddable":true,"href":"https:\/\/www.ministeriodegobierno.gob.ec\/derechoshumanos\/wp-json\/wp\/v2\/users\/8"}],"replies":[{"embeddable":true,"href":"https:\/\/www.ministeriodegobierno.gob.ec\/derechoshumanos\/wp-json\/wp\/v2\/comments?post=14360"}],"version-history":[{"count":1,"href":"https:\/\/www.ministeriodegobierno.gob.ec\/derechoshumanos\/wp-json\/wp\/v2\/posts\/14360\/revisions"}],"predecessor-version":[{"id":14362,"href":"https:\/\/www.ministeriodegobierno.gob.ec\/derechoshumanos\/wp-json\/wp\/v2\/posts\/14360\/revisions\/14362"}],"wp:featuredmedia":[{"embeddable":true,"href":"https:\/\/www.ministeriodegobierno.gob.ec\/derechoshumanos\/wp-json\/wp\/v2\/media\/14361"}],"wp:attachment":[{"href":"https:\/\/www.ministeriodegobierno.gob.ec\/derechoshumanos\/wp-json\/wp\/v2\/media?parent=14360"}],"wp:term":[{"taxonomy":"category","embeddable":true,"href":"https:\/\/www.ministeriodegobierno.gob.ec\/derechoshumanos\/wp-json\/wp\/v2\/categories?post=14360"},{"taxonomy":"post_tag","embeddable":true,"href":"https:\/\/www.ministeriodegobierno.gob.ec\/derechoshumanos\/wp-json\/wp\/v2\/tags?post=14360"}],"curies":[{"name":"wp","href":"https:\/\/api.w.org\/{rel}","templated":true}]}}