{"id":14386,"date":"2023-01-10T13:32:11","date_gmt":"2023-01-10T18:32:11","guid":{"rendered":"https:\/\/www.derechoshumanos.gob.ec\/?p=14386"},"modified":"2023-01-10T15:50:39","modified_gmt":"2023-01-10T20:50:39","slug":"ministerio-de-la-mujer-y-derechos-humanos-realizo-la-apertura-de-ofertas-para-la-suscripcion-de-convenios-para-casas-de-acogida-y-centros-de-atencion-integral","status":"publish","type":"post","link":"https:\/\/www.ministeriodegobierno.gob.ec\/derechoshumanos\/2023\/01\/10\/ministerio-de-la-mujer-y-derechos-humanos-realizo-la-apertura-de-ofertas-para-la-suscripcion-de-convenios-para-casas-de-acogida-y-centros-de-atencion-integral\/","title":{"rendered":"Ministerio de la Mujer y Derechos Humanos realiz\u00f3 la apertura de ofertas para la suscripci\u00f3n de convenios con casas de acogida y centros de atenci\u00f3n integral"},"content":{"rendered":"<p><strong>Quito, 10 de enero de 2023.-\u00a0 <\/strong>El Ministerio de la Mujer y Derechos Humanos realiz\u00f3 la constataci\u00f3n de la entrega de 28 propuestas de 25 organizaciones sociales sin fines de lucro en el marco del proceso para firma de convenios.<\/p>\n<p>Esta fase del proceso fue desarrollada por el Comit\u00e9 T\u00e9cnico y fue transmitida a trav\u00e9s de las redes sociales institucionales y cont\u00f3 con la presencia de la Notaria Suplente de la notar\u00eda vig\u00e9sima sexta del cant\u00f3n Quito garantizando la transparencia del proceso que tuvo la participaci\u00f3n de todos los miembros de la comisi\u00f3n.<\/p>\n<p>Una vez cumplido este paso, el comit\u00e9 deber\u00e1 revisar las propuestas, se realizar\u00e1 las convalidaciones de errores, el an\u00e1lisis y aprobaci\u00f3n de acuerdo al cronograma publicado en la base de la convocatoria que consta en la p\u00e1gina institucional del Ministerio de la Mujer y Derechos Humanos.<\/p>\n<p>El plazo para la entrega de propuestas concluy\u00f3 el pasado 8 de enero de 2023.<\/p>\n<p><strong>Datos:<\/strong><\/p>\n<p>El Ministerio coordin\u00f3 el incremento del 29,09 del techo presupuestario en beneficio de las casas de acogida y centros de atenci\u00f3n integral a fin de que cuenten con los recursos necesarios para cubrir las necesidades de estos importantes espacios para la atenci\u00f3n a las mujeres v\u00edctimas de violencia y sus hijos e hijas.<\/p>\n<p>La atenci\u00f3n integral y el acogimiento a mujeres sobrevivientes de violencia de g\u00e9nero de nuestro pa\u00eds se fortalecen con la convocatoria p\u00fablica y abierta para la suscripci\u00f3n de convenios de cooperaci\u00f3n con centros de atenci\u00f3n integral y casas de acogida.<\/p>\n<p><a href=\"https:\/\/www.ministeriodegobierno.gob.ec\/derechoshumanos\/convocatoria-mmddhh-ecuador-2022\/\" target=\"_blank\" rel=\"noopener\">[MIRA COMO AVANZA EL PROCESO]<\/a><\/p>\n","protected":false},"excerpt":{"rendered":"<p class=\"excerpt\">Quito, 10 de enero de 2023.-\u00a0 El Ministerio de la Mujer y Derechos Humanos realiz\u00f3 la constataci\u00f3n de la entrega de 28 propuestas de 25 organizaciones sociales sin fines de lucro en el marco del proceso para firma de convenios. Esta fase del proceso fue desarrollada por el Comit\u00e9 T\u00e9cnico y fue transmitida a trav\u00e9s de las redes sociales institucionales&hellip; <a href=\"https:\/\/www.ministeriodegobierno.gob.ec\/derechoshumanos\/2023\/01\/10\/ministerio-de-la-mujer-y-derechos-humanos-realizo-la-apertura-de-ofertas-para-la-suscripcion-de-convenios-para-casas-de-acogida-y-centros-de-atencion-integral\/\">Read more &rarr;<\/a><\/p>\n","protected":false},"author":8,"featured_media":14387,"comment_status":"closed","ping_status":"closed","sticky":false,"template":"","format":"standard","meta":{"footnotes":""},"categories":[20,5,6],"tags":[33],"class_list":["post-14386","post","type-post","status-publish","format-standard","has-post-thumbnail","hentry","category-boletin-de-prensa","category-noticias","category-noticias-destacadas","tag-casas-de-acogida","xfolkentry"],"_links":{"self":[{"href":"https:\/\/www.ministeriodegobierno.gob.ec\/derechoshumanos\/wp-json\/wp\/v2\/posts\/14386","targetHints":{"allow":["GET"]}}],"collection":[{"href":"https:\/\/www.ministeriodegobierno.gob.ec\/derechoshumanos\/wp-json\/wp\/v2\/posts"}],"about":[{"href":"https:\/\/www.ministeriodegobierno.gob.ec\/derechoshumanos\/wp-json\/wp\/v2\/types\/post"}],"author":[{"embeddable":true,"href":"https:\/\/www.ministeriodegobierno.gob.ec\/derechoshumanos\/wp-json\/wp\/v2\/users\/8"}],"replies":[{"embeddable":true,"href":"https:\/\/www.ministeriodegobierno.gob.ec\/derechoshumanos\/wp-json\/wp\/v2\/comments?post=14386"}],"version-history":[{"count":8,"href":"https:\/\/www.ministeriodegobierno.gob.ec\/derechoshumanos\/wp-json\/wp\/v2\/posts\/14386\/revisions"}],"predecessor-version":[{"id":14399,"href":"https:\/\/www.ministeriodegobierno.gob.ec\/derechoshumanos\/wp-json\/wp\/v2\/posts\/14386\/revisions\/14399"}],"wp:featuredmedia":[{"embeddable":true,"href":"https:\/\/www.ministeriodegobierno.gob.ec\/derechoshumanos\/wp-json\/wp\/v2\/media\/14387"}],"wp:attachment":[{"href":"https:\/\/www.ministeriodegobierno.gob.ec\/derechoshumanos\/wp-json\/wp\/v2\/media?parent=14386"}],"wp:term":[{"taxonomy":"category","embeddable":true,"href":"https:\/\/www.ministeriodegobierno.gob.ec\/derechoshumanos\/wp-json\/wp\/v2\/categories?post=14386"},{"taxonomy":"post_tag","embeddable":true,"href":"https:\/\/www.ministeriodegobierno.gob.ec\/derechoshumanos\/wp-json\/wp\/v2\/tags?post=14386"}],"curies":[{"name":"wp","href":"https:\/\/api.w.org\/{rel}","templated":true}]}}