{"id":14409,"date":"2023-01-16T14:57:33","date_gmt":"2023-01-16T19:57:33","guid":{"rendered":"https:\/\/www.derechoshumanos.gob.ec\/?p=14409"},"modified":"2023-01-16T14:57:33","modified_gmt":"2023-01-16T19:57:33","slug":"ministerio-de-la-mujer-y-derechos-humanos-brindo-atencion-a-madre-de-victima-de-presunto-femicidio","status":"publish","type":"post","link":"https:\/\/www.ministeriodegobierno.gob.ec\/derechoshumanos\/2023\/01\/16\/ministerio-de-la-mujer-y-derechos-humanos-brindo-atencion-a-madre-de-victima-de-presunto-femicidio\/","title":{"rendered":"Ministerio de la Mujer y Derechos Humanos brind\u00f3 atenci\u00f3n a madre de v\u00edctima de presunto\u00a0 femicidio"},"content":{"rendered":"<p><strong>Guayaquil, 16 de enero de 2023.- <\/strong>El Ministerio de la Mujer y Derechos Humanos, por medio del Servicio de Protecci\u00f3n Integral (SPI), brind\u00f3 atenci\u00f3n integral a familiares de v\u00edctima de presunto femicidio registrado el 13 de diciembre de 2022.<\/p>\n<p>Una vez conocido el caso la ministra de la Mujer y Derechos Humanos, Paola Flores Jaramillo, dispuso la activaci\u00f3n del SPI con la finalidad de brindar ayuda psicol\u00f3gica, social y asesor\u00eda legal a los familiares de la v\u00edctima, en ese sentido se realiz\u00f3 una intervenci\u00f3n social a la madre de la v\u00edctima quien registra enfermedades catastr\u00f3ficas, pobreza extrema y evidente discapacidad f\u00edsica, adem\u00e1s no cuenta con familiares directos que le brinden el cuidado y apoyo econ\u00f3mico ante su situaci\u00f3n de salud, a la ra\u00edz de la muerte de su hija, se ha deteriorado a\u00fan m\u00e1s su estado de salud, presentando incluso s\u00edntomas de depresi\u00f3n cl\u00ednica.<\/p>\n<p>Ante esta situaci\u00f3n se coordinan acciones con los Ministerios de Inclusi\u00f3n Econ\u00f3mica y Social y de Salud P\u00fablica para que de acuerdo a sus competencias se le proporcione el bono por discapacidad y el carnet de discapacidad seg\u00fan la necesidad, as\u00ed como las atenciones necesarias para precautelar su salud.<\/p>\n<p>Jennifer Soto Palma, directora Zonal 8 del Ministerio de la Mujer y Derechos Humanos (e), manifest\u00f3 que: <em>\u201ccomo parte del eje de atenci\u00f3n, brindamos y bridaremos, a trav\u00e9s de nuestros equipos del Servicio de Protecci\u00f3n Integral, asistencia en trabajo social, psicol\u00f3gico\u00a0 y legal, ya que nuestro objetivo es proporcionar a las v\u00edctimas\u00a0 directas e indirectas de violencia basada en g\u00e9nero, una atenci\u00f3n prioritaria de manera oportuna y de calidad, de forma articulada con los miembros que conforman el Sistema Nacional para Prevenir y Erradicar la Violencia contra la Mujer.\u201d<\/em><\/p>\n<p>Desde esta cartera de Estado se dar\u00e1 seguimiento a este caso con la finalidad de brindar una atenci\u00f3n integral a la madre de la v\u00edctima.<\/p>\n","protected":false},"excerpt":{"rendered":"<p class=\"excerpt\">El Ministerio de la Mujer y Derechos Humanos, por medio del Servicio de Protecci\u00f3n Integral (SPI), brind\u00f3 atenci\u00f3n integral a familiares de v\u00edctima de presunto femicidio registrado el 13 de diciembre de 2022. <a href=\"https:\/\/www.ministeriodegobierno.gob.ec\/derechoshumanos\/2023\/01\/16\/ministerio-de-la-mujer-y-derechos-humanos-brindo-atencion-a-madre-de-victima-de-presunto-femicidio\/\">Read more &rarr;<\/a><\/p>\n","protected":false},"author":6,"featured_media":14280,"comment_status":"closed","ping_status":"closed","sticky":false,"template":"","format":"standard","meta":{"footnotes":""},"categories":[20,5,6],"tags":[70,72,66,41],"class_list":["post-14409","post","type-post","status-publish","format-standard","has-post-thumbnail","hentry","category-boletin-de-prensa","category-noticias","category-noticias-destacadas","tag-atencion","tag-femicidio","tag-mmddhh","tag-spi-ecuador","xfolkentry"],"_links":{"self":[{"href":"https:\/\/www.ministeriodegobierno.gob.ec\/derechoshumanos\/wp-json\/wp\/v2\/posts\/14409","targetHints":{"allow":["GET"]}}],"collection":[{"href":"https:\/\/www.ministeriodegobierno.gob.ec\/derechoshumanos\/wp-json\/wp\/v2\/posts"}],"about":[{"href":"https:\/\/www.ministeriodegobierno.gob.ec\/derechoshumanos\/wp-json\/wp\/v2\/types\/post"}],"author":[{"embeddable":true,"href":"https:\/\/www.ministeriodegobierno.gob.ec\/derechoshumanos\/wp-json\/wp\/v2\/users\/6"}],"replies":[{"embeddable":true,"href":"https:\/\/www.ministeriodegobierno.gob.ec\/derechoshumanos\/wp-json\/wp\/v2\/comments?post=14409"}],"version-history":[{"count":1,"href":"https:\/\/www.ministeriodegobierno.gob.ec\/derechoshumanos\/wp-json\/wp\/v2\/posts\/14409\/revisions"}],"predecessor-version":[{"id":14410,"href":"https:\/\/www.ministeriodegobierno.gob.ec\/derechoshumanos\/wp-json\/wp\/v2\/posts\/14409\/revisions\/14410"}],"wp:featuredmedia":[{"embeddable":true,"href":"https:\/\/www.ministeriodegobierno.gob.ec\/derechoshumanos\/wp-json\/wp\/v2\/media\/14280"}],"wp:attachment":[{"href":"https:\/\/www.ministeriodegobierno.gob.ec\/derechoshumanos\/wp-json\/wp\/v2\/media?parent=14409"}],"wp:term":[{"taxonomy":"category","embeddable":true,"href":"https:\/\/www.ministeriodegobierno.gob.ec\/derechoshumanos\/wp-json\/wp\/v2\/categories?post=14409"},{"taxonomy":"post_tag","embeddable":true,"href":"https:\/\/www.ministeriodegobierno.gob.ec\/derechoshumanos\/wp-json\/wp\/v2\/tags?post=14409"}],"curies":[{"name":"wp","href":"https:\/\/api.w.org\/{rel}","templated":true}]}}