{"id":14426,"date":"2023-01-17T13:41:30","date_gmt":"2023-01-17T18:41:30","guid":{"rendered":"https:\/\/www.derechoshumanos.gob.ec\/?p=14426"},"modified":"2023-01-17T13:42:41","modified_gmt":"2023-01-17T18:42:41","slug":"ministerio-de-la-mujer-y-derechos-humanos-impartio-taller-sobre-prevencion-de-violencia-de-genero-a-estudiantes-en-santo-domingo","status":"publish","type":"post","link":"https:\/\/www.ministeriodegobierno.gob.ec\/derechoshumanos\/2023\/01\/17\/ministerio-de-la-mujer-y-derechos-humanos-impartio-taller-sobre-prevencion-de-violencia-de-genero-a-estudiantes-en-santo-domingo\/","title":{"rendered":"Ministerio de la Mujer y Derechos Humanos imparti\u00f3 taller sobre prevenci\u00f3n de violencia de g\u00e9nero a estudiantes en Santo Domingo"},"content":{"rendered":"<p><strong>Santo Domingo, 17 de enero del 2023._<\/strong>\u00a0 Con el objetivo de sensibilizar a 51 estudiantes de bachillerato de la Unidad Educativa \u201cAugusto Arias\u201d, el Ministerio de la Mujer y Derechos Humanos, a trav\u00e9s del Servicio de Protecci\u00f3n Integral, brind\u00f3 una capacitaci\u00f3n sobre prevenci\u00f3n de violencia basada en g\u00e9nero, tipos de violencia, rutas y servicios.<\/p>\n<p>La actividad se la realiz\u00f3 a trav\u00e9s de la metodolog\u00eda participativa que consiste en el reconocimiento de las emociones de los estudiantes a trav\u00e9s de la din\u00e1mica: \u201cEncuentra tu rinc\u00f3n de paz\u201d, a fin de que puedan desbordar sus emociones.<\/p>\n<p>En este sentido, Juan Carlos Pe\u00f1afiel, coordinador de la oficina t\u00e9cnica de la zona 4, mencion\u00f3 que brindar los talleres a los adolescentes permite identificar posibles casos de v\u00edctimas de violencia de g\u00e9nero: \u201cEs necesario crear un v\u00ednculo directo que nos permita prevenir y erradicar la violencia de g\u00e9nero\u201d expres\u00f3.<\/p>\n<p>El compromiso adquirido por el presidente Guillermo Lasso para prevenir y erradicar la violencia de g\u00e9nero se cumple a trav\u00e9s de varias herramientas de prevenci\u00f3n ejecutadas desde este Ministerio a nivel territorial.<\/p>\n","protected":false},"excerpt":{"rendered":"<p class=\"excerpt\">Santo Domingo, 17 de enero del 2023._\u00a0 Con el objetivo de sensibilizar a 51 estudiantes de bachillerato de la Unidad Educativa \u201cAugusto Arias\u201d, el Ministerio de la Mujer y Derechos Humanos, a trav\u00e9s del Servicio de Protecci\u00f3n Integral, brind\u00f3 una capacitaci\u00f3n sobre prevenci\u00f3n de violencia basada en g\u00e9nero, tipos de violencia, rutas y servicios. La actividad se la realiz\u00f3 a&hellip; <a href=\"https:\/\/www.ministeriodegobierno.gob.ec\/derechoshumanos\/2023\/01\/17\/ministerio-de-la-mujer-y-derechos-humanos-impartio-taller-sobre-prevencion-de-violencia-de-genero-a-estudiantes-en-santo-domingo\/\">Read more &rarr;<\/a><\/p>\n","protected":false},"author":8,"featured_media":14427,"comment_status":"closed","ping_status":"closed","sticky":false,"template":"","format":"standard","meta":{"footnotes":""},"categories":[20,5,6],"tags":[],"class_list":["post-14426","post","type-post","status-publish","format-standard","has-post-thumbnail","hentry","category-boletin-de-prensa","category-noticias","category-noticias-destacadas","xfolkentry"],"_links":{"self":[{"href":"https:\/\/www.ministeriodegobierno.gob.ec\/derechoshumanos\/wp-json\/wp\/v2\/posts\/14426","targetHints":{"allow":["GET"]}}],"collection":[{"href":"https:\/\/www.ministeriodegobierno.gob.ec\/derechoshumanos\/wp-json\/wp\/v2\/posts"}],"about":[{"href":"https:\/\/www.ministeriodegobierno.gob.ec\/derechoshumanos\/wp-json\/wp\/v2\/types\/post"}],"author":[{"embeddable":true,"href":"https:\/\/www.ministeriodegobierno.gob.ec\/derechoshumanos\/wp-json\/wp\/v2\/users\/8"}],"replies":[{"embeddable":true,"href":"https:\/\/www.ministeriodegobierno.gob.ec\/derechoshumanos\/wp-json\/wp\/v2\/comments?post=14426"}],"version-history":[{"count":1,"href":"https:\/\/www.ministeriodegobierno.gob.ec\/derechoshumanos\/wp-json\/wp\/v2\/posts\/14426\/revisions"}],"predecessor-version":[{"id":14428,"href":"https:\/\/www.ministeriodegobierno.gob.ec\/derechoshumanos\/wp-json\/wp\/v2\/posts\/14426\/revisions\/14428"}],"wp:featuredmedia":[{"embeddable":true,"href":"https:\/\/www.ministeriodegobierno.gob.ec\/derechoshumanos\/wp-json\/wp\/v2\/media\/14427"}],"wp:attachment":[{"href":"https:\/\/www.ministeriodegobierno.gob.ec\/derechoshumanos\/wp-json\/wp\/v2\/media?parent=14426"}],"wp:term":[{"taxonomy":"category","embeddable":true,"href":"https:\/\/www.ministeriodegobierno.gob.ec\/derechoshumanos\/wp-json\/wp\/v2\/categories?post=14426"},{"taxonomy":"post_tag","embeddable":true,"href":"https:\/\/www.ministeriodegobierno.gob.ec\/derechoshumanos\/wp-json\/wp\/v2\/tags?post=14426"}],"curies":[{"name":"wp","href":"https:\/\/api.w.org\/{rel}","templated":true}]}}