{"id":14439,"date":"2023-01-18T15:42:32","date_gmt":"2023-01-18T20:42:32","guid":{"rendered":"https:\/\/www.derechoshumanos.gob.ec\/?p=14439"},"modified":"2023-01-18T15:43:20","modified_gmt":"2023-01-18T20:43:20","slug":"ministerio-de-la-mujer-y-derechos-humanos-brinda-acompanamiento-psicosocial-y-asesoria-legal-a-personas-lgbti-en-machala","status":"publish","type":"post","link":"https:\/\/www.ministeriodegobierno.gob.ec\/derechoshumanos\/2023\/01\/18\/ministerio-de-la-mujer-y-derechos-humanos-brinda-acompanamiento-psicosocial-y-asesoria-legal-a-personas-lgbti-en-machala\/","title":{"rendered":"Ministerio de la Mujer y Derechos Humanos brinda acompa\u00f1amiento psicosocial y asesor\u00eda legal a personas LGBTI+ en Machala"},"content":{"rendered":"<p><strong>Machala, 18 de enero de 2023.-<\/strong> El Ministerio de la Mujer y Derechos Humanos activ\u00f3 el Servicio de Protecci\u00f3n Integral (SPI) para brindar atenci\u00f3n psicol\u00f3gica y asesor\u00eda legal a representante de la \u201cFundaci\u00f3n Iniciativa Apoyo Diverso\u201d, por posible delito de odio por parte de un candidato a la Alcald\u00eda del cant\u00f3n Machala.<\/p>\n<p>En este caso se realiz\u00f3 una intervenci\u00f3n a Vanessa Chalen, representante de la\u00a0 Fundaci\u00f3n, qui\u00e9n solicit\u00f3 apoyo del patrocinio legal para denunciar el presunto delito de odio por parte de del candidato, registrado en una entrevista en un medio digital, por tal motivo se efectu\u00f3 el proceso de articulaci\u00f3n con miembros del Consejo de Defensores y Defensoras de los Derechos Humanos y la Naturaleza.<\/p>\n<p>Adem\u00e1s, el d\u00eda viernes 13 de enero se realiz\u00f3 el acompa\u00f1amiento por parte del SPI al grupo de la poblaci\u00f3n LGBTI+, hasta la Fiscal\u00eda General de El Oro, con el fin de proceder a realizar la respectiva denuncia.<\/p>\n<p>Gabriela Solano, coordinadora de la Oficina T\u00e9cnica Zonal 7 (e), indic\u00f3: <em>\u201cel Ministerio de la Mujer y de Derechos Humanos como ente rector de la pol\u00edtica p\u00fablica para prevenir y erradicar la violencia contra las mujeres, en el territorio ecuatoriano cuenta con equipos t\u00e9cnicos para brindar la atenci\u00f3n oportuna a grupos de atenci\u00f3n prioritaria en situaci\u00f3n de vulnerabilidad y alto riesgo, nuestro compromiso es diario garantizando de derechos, precautelando la vida\u201d.<\/em><\/p>\n","protected":false},"excerpt":{"rendered":"<p class=\"excerpt\">Machala, 18 de enero de 2023.- El Ministerio de la Mujer y Derechos Humanos activ\u00f3 el Servicio de Protecci\u00f3n Integral (SPI) para brindar atenci\u00f3n psicol\u00f3gica y asesor\u00eda legal a representante de la \u201cFundaci\u00f3n Iniciativa Apoyo Diverso\u201d, por posible delito de odio por parte de un candidato a la Alcald\u00eda del cant\u00f3n Machala. En este caso se realiz\u00f3 una intervenci\u00f3n a&hellip; <a href=\"https:\/\/www.ministeriodegobierno.gob.ec\/derechoshumanos\/2023\/01\/18\/ministerio-de-la-mujer-y-derechos-humanos-brinda-acompanamiento-psicosocial-y-asesoria-legal-a-personas-lgbti-en-machala\/\">Read more &rarr;<\/a><\/p>\n","protected":false},"author":6,"featured_media":14440,"comment_status":"closed","ping_status":"closed","sticky":false,"template":"","format":"standard","meta":{"footnotes":""},"categories":[20,5,6],"tags":[52,37,66],"class_list":["post-14439","post","type-post","status-publish","format-standard","has-post-thumbnail","hentry","category-boletin-de-prensa","category-noticias","category-noticias-destacadas","tag-diversidades","tag-lgbti","tag-mmddhh","xfolkentry"],"_links":{"self":[{"href":"https:\/\/www.ministeriodegobierno.gob.ec\/derechoshumanos\/wp-json\/wp\/v2\/posts\/14439","targetHints":{"allow":["GET"]}}],"collection":[{"href":"https:\/\/www.ministeriodegobierno.gob.ec\/derechoshumanos\/wp-json\/wp\/v2\/posts"}],"about":[{"href":"https:\/\/www.ministeriodegobierno.gob.ec\/derechoshumanos\/wp-json\/wp\/v2\/types\/post"}],"author":[{"embeddable":true,"href":"https:\/\/www.ministeriodegobierno.gob.ec\/derechoshumanos\/wp-json\/wp\/v2\/users\/6"}],"replies":[{"embeddable":true,"href":"https:\/\/www.ministeriodegobierno.gob.ec\/derechoshumanos\/wp-json\/wp\/v2\/comments?post=14439"}],"version-history":[{"count":1,"href":"https:\/\/www.ministeriodegobierno.gob.ec\/derechoshumanos\/wp-json\/wp\/v2\/posts\/14439\/revisions"}],"predecessor-version":[{"id":14441,"href":"https:\/\/www.ministeriodegobierno.gob.ec\/derechoshumanos\/wp-json\/wp\/v2\/posts\/14439\/revisions\/14441"}],"wp:featuredmedia":[{"embeddable":true,"href":"https:\/\/www.ministeriodegobierno.gob.ec\/derechoshumanos\/wp-json\/wp\/v2\/media\/14440"}],"wp:attachment":[{"href":"https:\/\/www.ministeriodegobierno.gob.ec\/derechoshumanos\/wp-json\/wp\/v2\/media?parent=14439"}],"wp:term":[{"taxonomy":"category","embeddable":true,"href":"https:\/\/www.ministeriodegobierno.gob.ec\/derechoshumanos\/wp-json\/wp\/v2\/categories?post=14439"},{"taxonomy":"post_tag","embeddable":true,"href":"https:\/\/www.ministeriodegobierno.gob.ec\/derechoshumanos\/wp-json\/wp\/v2\/tags?post=14439"}],"curies":[{"name":"wp","href":"https:\/\/api.w.org\/{rel}","templated":true}]}}