{"id":14848,"date":"2023-03-21T16:17:33","date_gmt":"2023-03-21T21:17:33","guid":{"rendered":"https:\/\/www.derechoshumanos.gob.ec\/?p=14848"},"modified":"2023-04-06T11:53:16","modified_gmt":"2023-04-06T16:53:16","slug":"ministerio-de-la-mujer-y-derechos-humanos-se-activo-ante-alerta-de-caso-de-femicidio-suscitado-en-el-canton-el-guabo","status":"publish","type":"post","link":"https:\/\/www.ministeriodegobierno.gob.ec\/derechoshumanos\/2023\/03\/21\/ministerio-de-la-mujer-y-derechos-humanos-se-activo-ante-alerta-de-caso-de-femicidio-suscitado-en-el-canton-el-guabo\/","title":{"rendered":"Ministerio de la Mujer y Derechos Humanos se activ\u00f3 ante alerta de caso de femicidio suscitado en el cant\u00f3n El Guabo"},"content":{"rendered":"<p>&nbsp;<\/p>\n<p><strong>El Guabo, 21 de marzo de 2023.-<\/strong> El Ministerio de la Mujer y Derechos Humanos, a trav\u00e9s del Servicio de Protecci\u00f3n Integral Machala, activ\u00f3 su protocolo de atenci\u00f3n inmediata ante la alerta presentada por la Tenencia Pol\u00edtica de Tendales sobre un posible caso de femicidio. Tras realizar una inspecci\u00f3n en la comuna La Puntilla, Parroquia Tendales, cant\u00f3n El Guabo, se encontr\u00f3 el cuerpo sin vida de una mujer de 48 a\u00f1os, y como posible responsable su ex pareja, quien presuntamente se hab\u00eda suicidado y fue encontrado por moradores del sector.<\/p>\n<p>Para brindar asistencia inmediata, se realiz\u00f3 contenci\u00f3n emocional a los familiares de la v\u00edctima, levantamiento de informaci\u00f3n psicosocial y asesor\u00eda legal. El Ministerio de la Mujer y Derechos Humanos continu\u00f3 acompa\u00f1ando a los familiares desde la Fiscal\u00eda General del Estado ubicada en la Parroquia Puerto Bol\u00edvar, cant\u00f3n Machala. Posteriormente, se realiz\u00f3 el traslado al Centro Forense de Machala en conjunto con el Movimiento de Mujeres de El Oro, con quienes se coordinar\u00e1 la atenci\u00f3n integral de las v\u00edctimas indirectas del femicidio.<\/p>\n<p>Sophia Cueva Mej\u00eda, coordinadora de la Oficina T\u00e9cnica 7, se\u00f1al\u00f3 que el Ministerio de la Mujer y Derechos Humanos trabaja de manera constante en la prevenci\u00f3n de todas las formas de violencia y se especializa en que la atenci\u00f3n multidisciplinaria de sus equipos t\u00e9cnicos en todas las formas de violencia extrema y en femicidios sea oportuna, inmediata e integral. La cartera de Estado tambi\u00e9n se encargar\u00e1 de dar continuidad al seguimiento correspondiente conforme a los servicios y competencias institucionales.<\/p>\n<p>Con acciones como estas, el Ministerio de la Mujer y Derechos Humanos reafirma su compromiso de luchar contra todas las formas de violencia, en especial la violencia de g\u00e9nero, y garantizar el acceso a servicios de atenci\u00f3n y protecci\u00f3n integral para las v\u00edctimas y sus familias.<\/p>\n","protected":false},"excerpt":{"rendered":"<p class=\"excerpt\">&nbsp; El Guabo, 21 de marzo de 2023.- El Ministerio de la Mujer y Derechos Humanos, a trav\u00e9s del Servicio de Protecci\u00f3n Integral Machala, activ\u00f3 su protocolo de atenci\u00f3n inmediata ante la alerta presentada por la Tenencia Pol\u00edtica de Tendales sobre un posible caso de femicidio. Tras realizar una inspecci\u00f3n en la comuna La Puntilla, Parroquia Tendales, cant\u00f3n El Guabo,&hellip; <a href=\"https:\/\/www.ministeriodegobierno.gob.ec\/derechoshumanos\/2023\/03\/21\/ministerio-de-la-mujer-y-derechos-humanos-se-activo-ante-alerta-de-caso-de-femicidio-suscitado-en-el-canton-el-guabo\/\">Read more &rarr;<\/a><\/p>\n","protected":false},"author":6,"featured_media":14850,"comment_status":"closed","ping_status":"closed","sticky":false,"template":"","format":"standard","meta":{"footnotes":""},"categories":[20,5,6],"tags":[72,66],"class_list":["post-14848","post","type-post","status-publish","format-standard","has-post-thumbnail","hentry","category-boletin-de-prensa","category-noticias","category-noticias-destacadas","tag-femicidio","tag-mmddhh","xfolkentry"],"_links":{"self":[{"href":"https:\/\/www.ministeriodegobierno.gob.ec\/derechoshumanos\/wp-json\/wp\/v2\/posts\/14848","targetHints":{"allow":["GET"]}}],"collection":[{"href":"https:\/\/www.ministeriodegobierno.gob.ec\/derechoshumanos\/wp-json\/wp\/v2\/posts"}],"about":[{"href":"https:\/\/www.ministeriodegobierno.gob.ec\/derechoshumanos\/wp-json\/wp\/v2\/types\/post"}],"author":[{"embeddable":true,"href":"https:\/\/www.ministeriodegobierno.gob.ec\/derechoshumanos\/wp-json\/wp\/v2\/users\/6"}],"replies":[{"embeddable":true,"href":"https:\/\/www.ministeriodegobierno.gob.ec\/derechoshumanos\/wp-json\/wp\/v2\/comments?post=14848"}],"version-history":[{"count":2,"href":"https:\/\/www.ministeriodegobierno.gob.ec\/derechoshumanos\/wp-json\/wp\/v2\/posts\/14848\/revisions"}],"predecessor-version":[{"id":14928,"href":"https:\/\/www.ministeriodegobierno.gob.ec\/derechoshumanos\/wp-json\/wp\/v2\/posts\/14848\/revisions\/14928"}],"wp:featuredmedia":[{"embeddable":true,"href":"https:\/\/www.ministeriodegobierno.gob.ec\/derechoshumanos\/wp-json\/wp\/v2\/media\/14850"}],"wp:attachment":[{"href":"https:\/\/www.ministeriodegobierno.gob.ec\/derechoshumanos\/wp-json\/wp\/v2\/media?parent=14848"}],"wp:term":[{"taxonomy":"category","embeddable":true,"href":"https:\/\/www.ministeriodegobierno.gob.ec\/derechoshumanos\/wp-json\/wp\/v2\/categories?post=14848"},{"taxonomy":"post_tag","embeddable":true,"href":"https:\/\/www.ministeriodegobierno.gob.ec\/derechoshumanos\/wp-json\/wp\/v2\/tags?post=14848"}],"curies":[{"name":"wp","href":"https:\/\/api.w.org\/{rel}","templated":true}]}}