{"id":14894,"date":"2023-03-31T17:38:29","date_gmt":"2023-03-31T22:38:29","guid":{"rendered":"https:\/\/www.derechoshumanos.gob.ec\/?p=14894"},"modified":"2023-03-31T17:41:21","modified_gmt":"2023-03-31T22:41:21","slug":"ministerio-de-la-mujer-y-derechos-humanos-trabaja-por-los-derechos-humanos-de-las-mujeres-trans","status":"publish","type":"post","link":"https:\/\/www.ministeriodegobierno.gob.ec\/derechoshumanos\/2023\/03\/31\/ministerio-de-la-mujer-y-derechos-humanos-trabaja-por-los-derechos-humanos-de-las-mujeres-trans\/","title":{"rendered":"Ministerio de la Mujer y Derechos Humanos trabaja por los derechos humanos de las mujeres trans"},"content":{"rendered":"<p><strong>Manta, 31 de marzo de 2023.-<\/strong> En el marco del D\u00eda de la Visibilidad Trans, el Ministerio de la Mujer y Derechos Humanos desarroll\u00f3 una mesa de di\u00e1logo con mujeres trans con la finalidad de escuchar las demandas y realidades que viven y as\u00ed coordinar acciones de trabajo y acuerdos mutuos en beneficio de los derechos de esta poblaci\u00f3n.<\/p>\n<p>La m\u00e1xima autoridad de esta cartera de Estado, Paola Flores Jaramillo, mencion\u00f3: \u201cla visibilidad de las personas trans es fundamental para emprender acciones en contra de la discriminaci\u00f3n y violencia por razones de identidad y expresi\u00f3n de g\u00e9nero\u201d.<\/p>\n<p>En este espacio de reflexi\u00f3n participaron 20 mujeres trans de las provincias de Guayas, Santa Elena y Manab\u00ed quienes contaron sus experiencias, presentaron propuestas y aportes para el trabajo que impulse la visibilidad y promoci\u00f3n de sus derechos humanos, as\u00ed como el acompa\u00f1amiento a sus procesos de fortalecimiento individuales y colectivos.<\/p>\n<p>En esta mesa de di\u00e1logo se tratan temas sobre acceso de las mujeres trans en los \u00e1mbitos de: salud, educaci\u00f3n, trabajo, justicia, cultura y participaci\u00f3n, en este sentido se socializ\u00f3 el Plan de Acci\u00f3n de Diversidades, herramienta para la construcci\u00f3n de pol\u00edtica p\u00fablica a favor de la poblaci\u00f3n sexo-g\u00e9nero diversa.<\/p>\n<p>Adem\u00e1s, el subsecretario de Diversidades, Alexander Guano Monteros, indic\u00f3 varias de las acciones que se realizan desde esta instituci\u00f3n, por ejemplo, el dise\u00f1o de documentos t\u00e9cnicos como el Glosario de T\u00e9rminos para comprender la diversidad sexual y de g\u00e9nero, el cual busca homologar dichos t\u00e9rminos en todo el accionar institucional del Estado. Adicionalmente se incorpor\u00f3 en el Modulo de Derechos Humanos de la Polic\u00eda Nacional, la unidad de Diversidad Sexual en cumplimiento de la Ley Org\u00e1nica del Uso Progresivo de la Fuerza, un hito hist\u00f3rico en el pa\u00eds.<\/p>\n<p>Erika Zabala, activista tras, agradeci\u00f3 la realizaci\u00f3n de este espacio de intercambio de experiencias y formulaci\u00f3n de estrategias que promuevan los derechos de la poblaci\u00f3n trans.<\/p>\n<p>Desde el Ministerio de la Mujer y Derechos Humanos promovemos espacios de di\u00e1logo, encaminados a la construcci\u00f3n de un pa\u00eds inclusivo que erradique toda forma de discriminaci\u00f3n basada en orientaci\u00f3n sexual, identidad y expresi\u00f3n de g\u00e9nero.<\/p>\n<p>&nbsp;<\/p>\n<p>&nbsp;<\/p>\n<p>&nbsp;<\/p>\n<p>&nbsp;<\/p>\n<p>&nbsp;<\/p>\n<p>&nbsp;<\/p>\n<p>&nbsp;<\/p>\n<p><strong>\u00a0<\/strong><\/p>\n<p>&nbsp;<\/p>\n","protected":false},"excerpt":{"rendered":"<p class=\"excerpt\">En el marco del D\u00eda de la Visibilidad Trans, el Ministerio de la Mujer y Derechos Humanos desarroll\u00f3 una mesa de di\u00e1logo con mujeres trans con la finalidad de escuchar las demandas y realidades que viven y as\u00ed coordinar acciones de trabajo y acuerdos mutuos en beneficio de los derechos de esta poblaci\u00f3n. <a href=\"https:\/\/www.ministeriodegobierno.gob.ec\/derechoshumanos\/2023\/03\/31\/ministerio-de-la-mujer-y-derechos-humanos-trabaja-por-los-derechos-humanos-de-las-mujeres-trans\/\">Read more &rarr;<\/a><\/p>\n","protected":false},"author":6,"featured_media":14895,"comment_status":"closed","ping_status":"closed","sticky":false,"template":"","format":"standard","meta":{"footnotes":""},"categories":[20,5,6],"tags":[],"class_list":["post-14894","post","type-post","status-publish","format-standard","has-post-thumbnail","hentry","category-boletin-de-prensa","category-noticias","category-noticias-destacadas","xfolkentry"],"_links":{"self":[{"href":"https:\/\/www.ministeriodegobierno.gob.ec\/derechoshumanos\/wp-json\/wp\/v2\/posts\/14894","targetHints":{"allow":["GET"]}}],"collection":[{"href":"https:\/\/www.ministeriodegobierno.gob.ec\/derechoshumanos\/wp-json\/wp\/v2\/posts"}],"about":[{"href":"https:\/\/www.ministeriodegobierno.gob.ec\/derechoshumanos\/wp-json\/wp\/v2\/types\/post"}],"author":[{"embeddable":true,"href":"https:\/\/www.ministeriodegobierno.gob.ec\/derechoshumanos\/wp-json\/wp\/v2\/users\/6"}],"replies":[{"embeddable":true,"href":"https:\/\/www.ministeriodegobierno.gob.ec\/derechoshumanos\/wp-json\/wp\/v2\/comments?post=14894"}],"version-history":[{"count":3,"href":"https:\/\/www.ministeriodegobierno.gob.ec\/derechoshumanos\/wp-json\/wp\/v2\/posts\/14894\/revisions"}],"predecessor-version":[{"id":14898,"href":"https:\/\/www.ministeriodegobierno.gob.ec\/derechoshumanos\/wp-json\/wp\/v2\/posts\/14894\/revisions\/14898"}],"wp:featuredmedia":[{"embeddable":true,"href":"https:\/\/www.ministeriodegobierno.gob.ec\/derechoshumanos\/wp-json\/wp\/v2\/media\/14895"}],"wp:attachment":[{"href":"https:\/\/www.ministeriodegobierno.gob.ec\/derechoshumanos\/wp-json\/wp\/v2\/media?parent=14894"}],"wp:term":[{"taxonomy":"category","embeddable":true,"href":"https:\/\/www.ministeriodegobierno.gob.ec\/derechoshumanos\/wp-json\/wp\/v2\/categories?post=14894"},{"taxonomy":"post_tag","embeddable":true,"href":"https:\/\/www.ministeriodegobierno.gob.ec\/derechoshumanos\/wp-json\/wp\/v2\/tags?post=14894"}],"curies":[{"name":"wp","href":"https:\/\/api.w.org\/{rel}","templated":true}]}}