{"id":15041,"date":"2023-04-27T18:04:35","date_gmt":"2023-04-27T23:04:35","guid":{"rendered":"https:\/\/www.derechoshumanos.gob.ec\/?p=15041"},"modified":"2023-04-27T18:07:34","modified_gmt":"2023-04-27T23:07:34","slug":"paola-flores-en-ibarra","status":"publish","type":"post","link":"https:\/\/www.ministeriodegobierno.gob.ec\/derechoshumanos\/2023\/04\/27\/paola-flores-en-ibarra\/","title":{"rendered":"Paola Flores Jaramillo, ministra de la Mujer y Derechos Humanos se reuni\u00f3 con organizaciones sociales y autoridades electas en la \u201cCiudad blanca\u201d.\u00a0"},"content":{"rendered":"<p>Ibarra, 27 de abril del 2023._ Con la finalidad de impulsar los servicios para la prevenci\u00f3n y erradicaci\u00f3n de la violencia de las mujeres, de manera articulada con los Gobiernos Aut\u00f3nomos Descentralizados (GAD), la ministra de la Mujer y Derechos Humanos, Paola Flores Jaramillo cumpli\u00f3 agenda en Ibarra.<\/p>\n<p>La m\u00e1xima autoridad de esta cartera de Estado se reuni\u00f3 con representantes de organizaciones sociales de las provincias de Pichincha, Imbabura y Carchi para coordinar acciones e implementar estrategias en beneficio de las mujeres, ni\u00f1as, ni\u00f1os y adolescentes v\u00edctimas de violencia.<\/p>\n<p>\u00abEste Ministerio de la Mujer y Derechos Humanos es de ustedes, de las mujeres, con sus aportes ejecutaremos acciones en conjunto con las autoridades electas para fortalecer la prevenci\u00f3n y erradicaci\u00f3n de la violencia en territorio\u00bb, dijo Paola Flores Jaramillo.<\/p>\n<p>Tambi\u00e9n realiz\u00f3 mesas de trabajo con las autoridades electas de la Sierra Norte donde inform\u00f3 las competencias que tienen los GAD para la implementaci\u00f3n de la Ley Org\u00e1nica Integral para Prevenir y Erradicar la Violencia contra las Mujeres a fin de poner en marcha el primer convenio en beneficio de municipios y prefecturas firmado con el Banco de Desarrollo del Ecuador (BDE).<\/p>\n<p>El convenio financiar\u00e1 la infraestructura, proveer\u00e1 de servicios \u00f3ptimos y \u00e1reas adecuadas a fin de ofrecer a la ciudadan\u00eda espacios integrales en psicolog\u00eda, trabajo social y asesor\u00eda jur\u00eddica.<\/p>\n<p>Desde el Ministerio de la Mujer y Derechos Humanos continuaremos generando acciones a nivel nacional a fin de prevenir y erradicar est\u00e1 problem\u00e1tica.<\/p>\n<p>&nbsp;<\/p>\n","protected":false},"excerpt":{"rendered":"<p class=\"excerpt\">Ibarra, 27 de abril del 2023._ Con la finalidad de impulsar los servicios para la prevenci\u00f3n y erradicaci\u00f3n de la violencia de las mujeres, de manera articulada con los Gobiernos Aut\u00f3nomos Descentralizados (GAD), la ministra de la Mujer y Derechos Humanos, Paola Flores Jaramillo cumpli\u00f3 agenda en Ibarra. La m\u00e1xima autoridad de esta cartera de Estado se reuni\u00f3 con representantes&hellip; <a href=\"https:\/\/www.ministeriodegobierno.gob.ec\/derechoshumanos\/2023\/04\/27\/paola-flores-en-ibarra\/\">Read more &rarr;<\/a><\/p>\n","protected":false},"author":10,"featured_media":15043,"comment_status":"closed","ping_status":"closed","sticky":false,"template":"","format":"standard","meta":{"footnotes":""},"categories":[20,26,5],"tags":[74,36,46,69],"class_list":["post-15041","post","type-post","status-publish","format-standard","has-post-thumbnail","hentry","category-boletin-de-prensa","category-derechos-humanos","category-noticias","tag-atencion-a-victimas-de-violencia","tag-ddhh-ecuador","tag-erradicaccion-de-la-violencia-contra-las-mujeres","tag-prevencion-y-erradicacion-de-la-violencia-de-genero","xfolkentry"],"_links":{"self":[{"href":"https:\/\/www.ministeriodegobierno.gob.ec\/derechoshumanos\/wp-json\/wp\/v2\/posts\/15041","targetHints":{"allow":["GET"]}}],"collection":[{"href":"https:\/\/www.ministeriodegobierno.gob.ec\/derechoshumanos\/wp-json\/wp\/v2\/posts"}],"about":[{"href":"https:\/\/www.ministeriodegobierno.gob.ec\/derechoshumanos\/wp-json\/wp\/v2\/types\/post"}],"author":[{"embeddable":true,"href":"https:\/\/www.ministeriodegobierno.gob.ec\/derechoshumanos\/wp-json\/wp\/v2\/users\/10"}],"replies":[{"embeddable":true,"href":"https:\/\/www.ministeriodegobierno.gob.ec\/derechoshumanos\/wp-json\/wp\/v2\/comments?post=15041"}],"version-history":[{"count":1,"href":"https:\/\/www.ministeriodegobierno.gob.ec\/derechoshumanos\/wp-json\/wp\/v2\/posts\/15041\/revisions"}],"predecessor-version":[{"id":15044,"href":"https:\/\/www.ministeriodegobierno.gob.ec\/derechoshumanos\/wp-json\/wp\/v2\/posts\/15041\/revisions\/15044"}],"wp:featuredmedia":[{"embeddable":true,"href":"https:\/\/www.ministeriodegobierno.gob.ec\/derechoshumanos\/wp-json\/wp\/v2\/media\/15043"}],"wp:attachment":[{"href":"https:\/\/www.ministeriodegobierno.gob.ec\/derechoshumanos\/wp-json\/wp\/v2\/media?parent=15041"}],"wp:term":[{"taxonomy":"category","embeddable":true,"href":"https:\/\/www.ministeriodegobierno.gob.ec\/derechoshumanos\/wp-json\/wp\/v2\/categories?post=15041"},{"taxonomy":"post_tag","embeddable":true,"href":"https:\/\/www.ministeriodegobierno.gob.ec\/derechoshumanos\/wp-json\/wp\/v2\/tags?post=15041"}],"curies":[{"name":"wp","href":"https:\/\/api.w.org\/{rel}","templated":true}]}}