{"id":8376,"date":"2021-03-24T14:16:19","date_gmt":"2021-03-24T19:16:19","guid":{"rendered":"https:\/\/www.derechoshumanos.gob.ec\/?p=8376"},"modified":"2021-03-24T14:16:20","modified_gmt":"2021-03-24T19:16:20","slug":"la-secretaria-de-derechos-humanos-socializo-el-plan-nacional-de-prevencion-y-erradicacion-de-la-violencia-contra-las-mujeres-en-santo-domingo","status":"publish","type":"post","link":"https:\/\/www.ministeriodegobierno.gob.ec\/derechoshumanos\/2021\/03\/24\/la-secretaria-de-derechos-humanos-socializo-el-plan-nacional-de-prevencion-y-erradicacion-de-la-violencia-contra-las-mujeres-en-santo-domingo\/","title":{"rendered":"La Secretar\u00eda de Derechos Humanos socializ\u00f3 el Plan Nacional de Prevenci\u00f3n y Erradicaci\u00f3n de la Violencia contra las Mujeres, en Santo Domingo"},"content":{"rendered":"\n<p class=\"wp-block-paragraph\"><strong>Santo\nDomingo, Ecuador.- <\/strong>La Secretar\u00eda de Derechos Humanos (SDH)\na trav\u00e9s de la Zona 4, socializ\u00f3 el Plan Nacional de Prevenci\u00f3n y Erradicaci\u00f3n\nde la Violencia contra las Mujeres, acto donde asistieron 130 participantes,\nentre ellos, representantes del Sistema de Protecci\u00f3n de Derechos y sociedad civil.\n<\/p>\n\n\n\n<p class=\"wp-block-paragraph\">El objetivo fue analizar, debatir el\nplan, sus estrategias y los ejes de acci\u00f3n, referentes a la prevenci\u00f3n,\nprotecci\u00f3n \u2013 atenci\u00f3n y reparaci\u00f3n en coordinaci\u00f3n con las instituciones\ngubernamentales y organizaciones de la sociedad civil, en beneficio de las\nmujeres para prevenir y erradicar esta problem\u00e1tica.<\/p>\n\n\n\n<p class=\"wp-block-paragraph\">Juan Carlos Pe\u00f1afiel, coordinador de la\nOficina T\u00e9cnica, mencion\u00f3: \u201c<strong><em>La mesa t\u00e9cnica constituye un hito importante\npara generar un compromiso de articulaci\u00f3n permanente en el cant\u00f3n para el\nfortalecimiento de los Sistemas de Protecci\u00f3n de Derechos, representa una\nconsolidaci\u00f3n del trabajo futuro que se desarrolla dentro de esta Jurisdicci\u00f3n\u201d\n<\/em><\/strong><\/p>\n\n\n\n<p class=\"wp-block-paragraph\">Fernanda Betancourt, secretaria del\nConsejo Cantonal de Protecci\u00f3n de Derechos inform\u00f3 que realizan acciones para\nerradicar la violencia contras las mujeres, a trav\u00e9s del trabajo conjunto con\nla Junta Cantonal de Protecci\u00f3n de Derechos a fin de emitir medidas emergentes\na las v\u00edctimas de violencia.<\/p>\n\n\n\n<p class=\"wp-block-paragraph\">Por su lado, Arturo Ortiz, comandante\ndel Departamento de Violencia Intrafamiliar (DEVIF) inform\u00f3 que la Polic\u00eda\nNacional da cumplimiento a todas las medidas de protecci\u00f3n judiciales y\nadministrativas en beneficio de las v\u00edctimas de violencia. <\/p>\n\n\n\n<p class=\"wp-block-paragraph\">En este sentido, a trav\u00e9s de la mesa\nt\u00e9cnica se determinaron varios acuerdos en torno a los siguientes ejes: <\/p>\n\n\n\n<p class=\"wp-block-paragraph\">En el eje de prevenci\u00f3n, se\ncontinuar\u00e1 con la socializaci\u00f3n del programa \u201cEducando Familia\u201d y en la prevenci\u00f3n\nde la violencia en la comunidad, fortaleciendo las charlas de erradicaci\u00f3n de\nla violencia en el \u00e1rea educativa y en comunidades. <\/p>\n\n\n\n<p class=\"wp-block-paragraph\">En el eje de\natenci\u00f3n\/protecci\u00f3n, se estableci\u00f3 fortalecer el Sistema Judicial, se solicit\u00f3\nprioridad en los casos de violencia, creaci\u00f3n de juntas barriales y ordenanzas\nque fortalezcan la prevenci\u00f3n y erradicaci\u00f3n de la violencia.<\/p>\n\n\n\n<p class=\"wp-block-paragraph\">En el eje de reparaci\u00f3n, se\nsolicit\u00f3 la garant\u00eda del acceso a la justicia especializada, acompa\u00f1amiento\npermanente a v\u00edctimas de delitos sexuales en el \u00e1mbito educativo y la\nimplementaci\u00f3n de propuestas de trabajo para mujeres como una medida de\nrestituci\u00f3n.<\/p>\n\n\n\n<p class=\"wp-block-paragraph\">La Secretar\u00eda de Derechos\nHumanos en coordinaci\u00f3n interinstitucional continuar\u00e1 gestionando acciones\ninmediatas para prevenir y erradicar la violencia. <\/p>\n","protected":false},"excerpt":{"rendered":"<p class=\"excerpt\">Santo Domingo, Ecuador.- La Secretar\u00eda de Derechos Humanos (SDH) a trav\u00e9s de la Zona 4, socializ\u00f3 el Plan Nacional de Prevenci\u00f3n y Erradicaci\u00f3n de la Violencia contra las Mujeres, acto donde asistieron 130 participantes, entre ellos, representantes del Sistema de Protecci\u00f3n de Derechos y sociedad civil. El objetivo fue analizar, debatir el plan, sus estrategias y los ejes de acci\u00f3n,&hellip; <a href=\"https:\/\/www.ministeriodegobierno.gob.ec\/derechoshumanos\/2021\/03\/24\/la-secretaria-de-derechos-humanos-socializo-el-plan-nacional-de-prevencion-y-erradicacion-de-la-violencia-contra-las-mujeres-en-santo-domingo\/\">Read more &rarr;<\/a><\/p>\n","protected":false},"author":8,"featured_media":8377,"comment_status":"closed","ping_status":"closed","sticky":false,"template":"","format":"standard","meta":{"footnotes":""},"categories":[20,5,6],"tags":[],"class_list":["post-8376","post","type-post","status-publish","format-standard","has-post-thumbnail","hentry","category-boletin-de-prensa","category-noticias","category-noticias-destacadas","xfolkentry"],"_links":{"self":[{"href":"https:\/\/www.ministeriodegobierno.gob.ec\/derechoshumanos\/wp-json\/wp\/v2\/posts\/8376","targetHints":{"allow":["GET"]}}],"collection":[{"href":"https:\/\/www.ministeriodegobierno.gob.ec\/derechoshumanos\/wp-json\/wp\/v2\/posts"}],"about":[{"href":"https:\/\/www.ministeriodegobierno.gob.ec\/derechoshumanos\/wp-json\/wp\/v2\/types\/post"}],"author":[{"embeddable":true,"href":"https:\/\/www.ministeriodegobierno.gob.ec\/derechoshumanos\/wp-json\/wp\/v2\/users\/8"}],"replies":[{"embeddable":true,"href":"https:\/\/www.ministeriodegobierno.gob.ec\/derechoshumanos\/wp-json\/wp\/v2\/comments?post=8376"}],"version-history":[{"count":1,"href":"https:\/\/www.ministeriodegobierno.gob.ec\/derechoshumanos\/wp-json\/wp\/v2\/posts\/8376\/revisions"}],"predecessor-version":[{"id":8378,"href":"https:\/\/www.ministeriodegobierno.gob.ec\/derechoshumanos\/wp-json\/wp\/v2\/posts\/8376\/revisions\/8378"}],"wp:featuredmedia":[{"embeddable":true,"href":"https:\/\/www.ministeriodegobierno.gob.ec\/derechoshumanos\/wp-json\/wp\/v2\/media\/8377"}],"wp:attachment":[{"href":"https:\/\/www.ministeriodegobierno.gob.ec\/derechoshumanos\/wp-json\/wp\/v2\/media?parent=8376"}],"wp:term":[{"taxonomy":"category","embeddable":true,"href":"https:\/\/www.ministeriodegobierno.gob.ec\/derechoshumanos\/wp-json\/wp\/v2\/categories?post=8376"},{"taxonomy":"post_tag","embeddable":true,"href":"https:\/\/www.ministeriodegobierno.gob.ec\/derechoshumanos\/wp-json\/wp\/v2\/tags?post=8376"}],"curies":[{"name":"wp","href":"https:\/\/api.w.org\/{rel}","templated":true}]}}