{"id":8584,"date":"2021-04-07T16:12:32","date_gmt":"2021-04-07T21:12:32","guid":{"rendered":"https:\/\/www.derechoshumanos.gob.ec\/?p=8584"},"modified":"2021-04-07T16:28:16","modified_gmt":"2021-04-07T21:28:16","slug":"la-secretaria-de-derechos-humanos-y-la-fundacion-paarriba-ecuador-suscribieron-carta-compromiso-para-trabajo-conjunto-en-la-prevencion-de-la-violencia","status":"publish","type":"post","link":"https:\/\/www.ministeriodegobierno.gob.ec\/derechoshumanos\/2021\/04\/07\/la-secretaria-de-derechos-humanos-y-la-fundacion-paarriba-ecuador-suscribieron-carta-compromiso-para-trabajo-conjunto-en-la-prevencion-de-la-violencia\/","title":{"rendered":"La Secretar\u00eda de Derechos Humanos y la Fundaci\u00f3n Pa\u00b4Arriba Ecuador suscribieron Carta Compromiso para trabajo conjunto en la prevenci\u00f3n de la violencia"},"content":{"rendered":"\n<p class=\"wp-block-paragraph\"><\/p>\n\n\n\n<p class=\"wp-block-paragraph\"><strong>Quito, Ecuador.-\u00a0 <\/strong>Cecilia Chac\u00f3n, secretaria de Derechos Humanos y Lisa Markovits, representante de la Fundaci\u00f3n Pa\u2019Arriba Ecuador, suscribieron Carta Compromiso para trabajo conjunto en la prevenci\u00f3n de la violencia encaminado a proporcionar atenci\u00f3n a las v\u00edctimas de la violencia, con un enfoque espec\u00edfico en las poblaciones vulnerables y su n\u00facleo familiar, que promueva cambios permanentes y positivos,\u00a0 que van desde mejores comunicaciones personales hasta la reconstrucci\u00f3n de la comunidad y la promoci\u00f3n de una cultura de paz y respeto.<\/p>\n\n\n\n<p class=\"wp-block-paragraph\">La m\u00e1xima autoridad de esta cartera de Estado,\nagradeci\u00f3 a la Fundaci\u00f3n Pa\u2019Arriba Ecuador\npor la articulaci\u00f3n y compromiso de establecer acciones conjuntas y\nse\u00f1al\u00f3: <em>\u201cpara mi este proyecto tiene gran significado porque constituye el\nesfuerzo de coordinar en territorio, de que se beneficien v\u00edctimas de violencia\ny que contribuyamos en la construcci\u00f3n de sus proyectos de vida\u201d.<\/em><\/p>\n\n\n\n<p class=\"wp-block-paragraph\">Por su parte Lisa Markovits indic\u00f3 que este proyecto junta los corazones de\ncientos de voluntarios y voluntarias que promueven cambios permanentes y\npositivos que van desde mejores comunicaciones personales hasta la\nreconstrucci\u00f3n de la comunidad y la promoci\u00f3n de una cultura de paz y respeto. <em>\u201cCuando\nlas personas vienen a las ruedas de di\u00e1logo de Conversando con tu Veci(ndad),\nllegan a un espacio que te escucha, sin juzgarte, sin aconsejarte, sin sermonearte,\ny eso muchas veces, el saber que no estamos solos ni solas, que otras personas\nhan podido pasar algo dif\u00edcil en su vida y salir adelante y que compartan sus\nexperiencias de vida de tal manera que podamos aprender los unos de otros es de\nlo que se trata Pa\u2019Arriba Ecuador<\/em>\u201d, indic\u00f3.<\/p>\n\n\n\n<p class=\"wp-block-paragraph\">Con esta Carta de Compromiso se implementar\u00e1n metodolog\u00edas innovadoras de\nprevenci\u00f3n y tratamiento, intervenciones de apoyo comunitario y soluciones en\nred que reduzcan violencia en el hogar, el colegio y en la sociedad en general\ny que puedan replicarse a gran escala y adem\u00e1s en cambiar la cultura desde\nadentro para transformar las concepciones sobre las normas sociales.<\/p>\n\n\n\n<p class=\"wp-block-paragraph\">Otro de los proyectos que se impulsar\u00e1 es: Oye SARA, donde se pretende\ncrear una p\u00e1gina web que contenga un directorio lo m\u00e1s exhaustivo posible con\nconstantes actualizaciones que sirvan de punto de referencia para cualquier\nindividuo en estado de vulnerabilidad o que est\u00e9 con necesidad de encontrar\napoyo en casos de violencia intrafamiliar y\/o abuso. <\/p>\n","protected":false},"excerpt":{"rendered":"<p class=\"excerpt\">Quito, Ecuador.-\u00a0 Cecilia Chac\u00f3n, secretaria de Derechos Humanos y Lisa Markovits, representante de la Fundaci\u00f3n Pa\u2019Arriba Ecuador, suscribieron Carta Compromiso para trabajo conjunto en la prevenci\u00f3n de la violencia encaminado a proporcionar atenci\u00f3n a las v\u00edctimas de la violencia, con un enfoque espec\u00edfico en las poblaciones vulnerables y su n\u00facleo familiar, que promueva cambios permanentes y positivos,\u00a0 que van desde&hellip; <a href=\"https:\/\/www.ministeriodegobierno.gob.ec\/derechoshumanos\/2021\/04\/07\/la-secretaria-de-derechos-humanos-y-la-fundacion-paarriba-ecuador-suscribieron-carta-compromiso-para-trabajo-conjunto-en-la-prevencion-de-la-violencia\/\">Read more &rarr;<\/a><\/p>\n","protected":false},"author":6,"featured_media":8585,"comment_status":"closed","ping_status":"closed","sticky":false,"template":"","format":"standard","meta":{"footnotes":""},"categories":[20,5,6],"tags":[],"class_list":["post-8584","post","type-post","status-publish","format-standard","has-post-thumbnail","hentry","category-boletin-de-prensa","category-noticias","category-noticias-destacadas","xfolkentry"],"_links":{"self":[{"href":"https:\/\/www.ministeriodegobierno.gob.ec\/derechoshumanos\/wp-json\/wp\/v2\/posts\/8584","targetHints":{"allow":["GET"]}}],"collection":[{"href":"https:\/\/www.ministeriodegobierno.gob.ec\/derechoshumanos\/wp-json\/wp\/v2\/posts"}],"about":[{"href":"https:\/\/www.ministeriodegobierno.gob.ec\/derechoshumanos\/wp-json\/wp\/v2\/types\/post"}],"author":[{"embeddable":true,"href":"https:\/\/www.ministeriodegobierno.gob.ec\/derechoshumanos\/wp-json\/wp\/v2\/users\/6"}],"replies":[{"embeddable":true,"href":"https:\/\/www.ministeriodegobierno.gob.ec\/derechoshumanos\/wp-json\/wp\/v2\/comments?post=8584"}],"version-history":[{"count":2,"href":"https:\/\/www.ministeriodegobierno.gob.ec\/derechoshumanos\/wp-json\/wp\/v2\/posts\/8584\/revisions"}],"predecessor-version":[{"id":8588,"href":"https:\/\/www.ministeriodegobierno.gob.ec\/derechoshumanos\/wp-json\/wp\/v2\/posts\/8584\/revisions\/8588"}],"wp:featuredmedia":[{"embeddable":true,"href":"https:\/\/www.ministeriodegobierno.gob.ec\/derechoshumanos\/wp-json\/wp\/v2\/media\/8585"}],"wp:attachment":[{"href":"https:\/\/www.ministeriodegobierno.gob.ec\/derechoshumanos\/wp-json\/wp\/v2\/media?parent=8584"}],"wp:term":[{"taxonomy":"category","embeddable":true,"href":"https:\/\/www.ministeriodegobierno.gob.ec\/derechoshumanos\/wp-json\/wp\/v2\/categories?post=8584"},{"taxonomy":"post_tag","embeddable":true,"href":"https:\/\/www.ministeriodegobierno.gob.ec\/derechoshumanos\/wp-json\/wp\/v2\/tags?post=8584"}],"curies":[{"name":"wp","href":"https:\/\/api.w.org\/{rel}","templated":true}]}}