{"id":8633,"date":"2021-04-15T16:18:58","date_gmt":"2021-04-15T21:18:58","guid":{"rendered":"https:\/\/www.derechoshumanos.gob.ec\/?p=8633"},"modified":"2021-04-15T16:19:00","modified_gmt":"2021-04-15T21:19:00","slug":"secretaria-de-derechos-humanos-brinda-atencion-a-victima-de-violencia-sexual-en-machala","status":"publish","type":"post","link":"https:\/\/www.ministeriodegobierno.gob.ec\/derechoshumanos\/2021\/04\/15\/secretaria-de-derechos-humanos-brinda-atencion-a-victima-de-violencia-sexual-en-machala\/","title":{"rendered":"Secretar\u00eda de Derechos Humanos brinda atenci\u00f3n a v\u00edctima de violencia sexual en Machala"},"content":{"rendered":"\n<p class=\"wp-block-paragraph\"><strong>Machala, Ecuador.-<\/strong> La Secretar\u00eda de\nDerechos Humanos, a trav\u00e9s del Servicio de Protecci\u00f3n Integral (SPI), brind\u00f3\natenci\u00f3n a mujer, con discapacidad intelectual, v\u00edctima de posible violencia\nsexual en el \u00e1mbito intrafamiliar. El caso fue derivado por la Tenencia\nPol\u00edtica de la parroquia El Cambio, cant\u00f3n Machala, Provincia de El Oro.<\/p>\n\n\n\n<p class=\"wp-block-paragraph\">Profesionales del\nSPI brindaron atenci\u00f3n psicosocial y jur\u00eddica a la v\u00edctima, as\u00ed como a su\nprogenitora. Durante &nbsp;la entrevista\ncoordinada con la madre de la joven se identific\u00f3 que la ciudadana en la\nactualidad no cuenta con carnet de discapacidad, por cuanto se le extravi\u00f3; de\ntal manera que se articul\u00f3 acciones con el Ministerio de Salud P\u00fablica de\nacuerdo a sus competencias legales y servicios institucionales en beneficio de\nla usuaria. Cabe mencionar que el caso se encuentra en investigaci\u00f3n previa. <\/p>\n\n\n\n<p class=\"wp-block-paragraph\">Desde la Secretar\u00eda\nde Derechos Humanos se realiz\u00f3 la denuncia del caso en la &nbsp;Fiscal\u00eda, con la finalidad de precautelar su\nintegridad y como ente rector&nbsp; del\nSistema Nacional Integral para Prevenir y Erradicar la Violencia contra las\nMujeres se continuar\u00e1 con el seguimiento que corresponde constatando el estado\nde salud f\u00edsica, mental y emocional, garantizando y prevaleciendo los derechos\nde la ciudadana.<\/p>\n\n\n\n<p class=\"wp-block-paragraph\">M\u00f3nica Fierro\nMontalvo, coordinadora de Oficina T\u00e9cnica Zonal 7, indic\u00f3; <em>\u201ccumplimos con nuestra misi\u00f3n institucional de acuerdo a competencias\nlegales e institucionales, con el fin de prevenir y erradicar violencias en\ntodas sus tipolog\u00edas y ante el presente caso siendo parte del grupo de atenci\u00f3n\nprioritaria\u201d.<\/em><\/p>\n","protected":false},"excerpt":{"rendered":"<p class=\"excerpt\">Machala, Ecuador.- La Secretar\u00eda de Derechos Humanos, a trav\u00e9s del Servicio de Protecci\u00f3n Integral (SPI), brind\u00f3 atenci\u00f3n a mujer, con discapacidad intelectual, v\u00edctima de posible violencia sexual en el \u00e1mbito intrafamiliar. El caso fue derivado por la Tenencia Pol\u00edtica de la parroquia El Cambio, cant\u00f3n Machala, Provincia de El Oro. Profesionales del SPI brindaron atenci\u00f3n psicosocial y jur\u00eddica a la&hellip; <a href=\"https:\/\/www.ministeriodegobierno.gob.ec\/derechoshumanos\/2021\/04\/15\/secretaria-de-derechos-humanos-brinda-atencion-a-victima-de-violencia-sexual-en-machala\/\">Read more &rarr;<\/a><\/p>\n","protected":false},"author":6,"featured_media":8311,"comment_status":"closed","ping_status":"closed","sticky":false,"template":"","format":"standard","meta":{"footnotes":""},"categories":[20,5,6],"tags":[],"class_list":["post-8633","post","type-post","status-publish","format-standard","has-post-thumbnail","hentry","category-boletin-de-prensa","category-noticias","category-noticias-destacadas","xfolkentry"],"_links":{"self":[{"href":"https:\/\/www.ministeriodegobierno.gob.ec\/derechoshumanos\/wp-json\/wp\/v2\/posts\/8633","targetHints":{"allow":["GET"]}}],"collection":[{"href":"https:\/\/www.ministeriodegobierno.gob.ec\/derechoshumanos\/wp-json\/wp\/v2\/posts"}],"about":[{"href":"https:\/\/www.ministeriodegobierno.gob.ec\/derechoshumanos\/wp-json\/wp\/v2\/types\/post"}],"author":[{"embeddable":true,"href":"https:\/\/www.ministeriodegobierno.gob.ec\/derechoshumanos\/wp-json\/wp\/v2\/users\/6"}],"replies":[{"embeddable":true,"href":"https:\/\/www.ministeriodegobierno.gob.ec\/derechoshumanos\/wp-json\/wp\/v2\/comments?post=8633"}],"version-history":[{"count":1,"href":"https:\/\/www.ministeriodegobierno.gob.ec\/derechoshumanos\/wp-json\/wp\/v2\/posts\/8633\/revisions"}],"predecessor-version":[{"id":8635,"href":"https:\/\/www.ministeriodegobierno.gob.ec\/derechoshumanos\/wp-json\/wp\/v2\/posts\/8633\/revisions\/8635"}],"wp:featuredmedia":[{"embeddable":true,"href":"https:\/\/www.ministeriodegobierno.gob.ec\/derechoshumanos\/wp-json\/wp\/v2\/media\/8311"}],"wp:attachment":[{"href":"https:\/\/www.ministeriodegobierno.gob.ec\/derechoshumanos\/wp-json\/wp\/v2\/media?parent=8633"}],"wp:term":[{"taxonomy":"category","embeddable":true,"href":"https:\/\/www.ministeriodegobierno.gob.ec\/derechoshumanos\/wp-json\/wp\/v2\/categories?post=8633"},{"taxonomy":"post_tag","embeddable":true,"href":"https:\/\/www.ministeriodegobierno.gob.ec\/derechoshumanos\/wp-json\/wp\/v2\/tags?post=8633"}],"curies":[{"name":"wp","href":"https:\/\/api.w.org\/{rel}","templated":true}]}}