{"id":8637,"date":"2021-04-15T18:29:34","date_gmt":"2021-04-15T23:29:34","guid":{"rendered":"https:\/\/www.derechoshumanos.gob.ec\/?p=8637"},"modified":"2021-04-15T18:29:34","modified_gmt":"2021-04-15T23:29:34","slug":"secretaria-de-derechos-humanos-suscribe-convenio-de-cooperacion-interinstitucional-con-la-organizacion-internacional-hias","status":"publish","type":"post","link":"https:\/\/www.ministeriodegobierno.gob.ec\/derechoshumanos\/2021\/04\/15\/secretaria-de-derechos-humanos-suscribe-convenio-de-cooperacion-interinstitucional-con-la-organizacion-internacional-hias\/","title":{"rendered":"Secretar\u00eda de Derechos Humanos suscribe convenio de cooperaci\u00f3n interinstitucional con la Organizaci\u00f3n Internacional HIAS"},"content":{"rendered":"\n<p class=\"wp-block-paragraph\"><\/p>\n\n\n\n<p class=\"wp-block-paragraph\"><strong>Manta, Ecuador.-<\/strong> Cecilia Chac\u00f3n, secretaria de Derechos\nHumanos y Sabrina Lustgarten, representante la Organizaci\u00f3n Internacional HIAS,\nsuscribieron un convenio de cooperaci\u00f3n interinstitucional con objetivo\nestablecer acciones y gestiones conjuntas para reducir los \u00edndices de violencia\nbasada en g\u00e9nero en personas en condici\u00f3n de movilidad humana de la provincia\nde Manab\u00ed, a fin de garantizar a los grupos de atenci\u00f3n prioritaria una\natenci\u00f3n integral y la reparaci\u00f3n de sus derechos vulnerados, conforme lo\ndispone la Constituci\u00f3n, los Instrumentos Internacionales de Derechos Humanos y\nlas Leyes. <\/p>\n\n\n\n<p class=\"wp-block-paragraph\">En este marco\nla m\u00e1xima autoridad de esta cartera de Estado, agradeci\u00f3 por este compromiso\nque posibilita la intervenci\u00f3n de forma oportuna, frente a eventos de violencia\nde g\u00e9nero, evitando desenlaces fatales, y permitiendo a las victimas contar con\nmedidas de protecci\u00f3n, acompa\u00f1amiento psicosocial y vinculaci\u00f3n en procesos de\nasistencia humanitaria; y, mencion\u00f3: <strong><em>\u201cContar\ncon este esfuerzo de HIAS para fortalecer las acciones de prevenci\u00f3n de la\nviolencia y sumar acciones para el trabajo a favor de las v\u00edctimas es de vital\nimportancia\u201d. <\/em><\/strong><\/p>\n\n\n\n<p class=\"wp-block-paragraph\">Por su parte\nla representante de HIAS, indic\u00f3 la importancia del trabajo articulado para las\nv\u00edctimas de&nbsp; violencia basada en g\u00e9nero;\ny se\u00f1al\u00f3: \u201c<strong><em>que m\u00e1s ejemplo que est\u00e1\nalianza p\u00fablica privada para fortalecer el trabajo en Manab\u00ed, el trabajo por la\nprevenci\u00f3n y atenci\u00f3n a v\u00edctimas de violencia\u201d<\/em><\/strong>. <\/p>\n\n\n\n<p class=\"wp-block-paragraph\">Luego los\nrepresentantes en territorio Juan Carlos Pe\u00f1afiel, coordinador de la Oficina\nT\u00e9cnica 4 y Francisco Torres, coordinador local de HIAS Manta, dieron a conocer\nlas experiencias de la coordinaci\u00f3n interinstitucional y los resultados\npositivos&nbsp; de asistencia t\u00e9cnica y\nhumanitaria. <\/p>\n\n\n\n<p class=\"wp-block-paragraph\">La suscripci\u00f3n\nde este convenio cooperaci\u00f3n t\u00e9cnica tienen una duraci\u00f3n de tres&nbsp; a\u00f1os garantizando la asistencia a v\u00edctimas de\nviolencia basada en g\u00e9nero en condici\u00f3n de movilidad humana.<\/p>\n","protected":false},"excerpt":{"rendered":"<p class=\"excerpt\">Manta, Ecuador.- Cecilia Chac\u00f3n, secretaria de Derechos Humanos y Sabrina Lustgarten, representante la Organizaci\u00f3n Internacional HIAS, suscribieron un convenio de cooperaci\u00f3n interinstitucional con objetivo establecer acciones y gestiones conjuntas para reducir los \u00edndices de violencia basada en g\u00e9nero en personas en condici\u00f3n de movilidad humana de la provincia de Manab\u00ed, a fin de garantizar a los grupos de atenci\u00f3n prioritaria&hellip; <a href=\"https:\/\/www.ministeriodegobierno.gob.ec\/derechoshumanos\/2021\/04\/15\/secretaria-de-derechos-humanos-suscribe-convenio-de-cooperacion-interinstitucional-con-la-organizacion-internacional-hias\/\">Read more &rarr;<\/a><\/p>\n","protected":false},"author":6,"featured_media":8638,"comment_status":"closed","ping_status":"closed","sticky":false,"template":"","format":"standard","meta":{"footnotes":""},"categories":[20,5,6],"tags":[],"class_list":["post-8637","post","type-post","status-publish","format-standard","has-post-thumbnail","hentry","category-boletin-de-prensa","category-noticias","category-noticias-destacadas","xfolkentry"],"_links":{"self":[{"href":"https:\/\/www.ministeriodegobierno.gob.ec\/derechoshumanos\/wp-json\/wp\/v2\/posts\/8637","targetHints":{"allow":["GET"]}}],"collection":[{"href":"https:\/\/www.ministeriodegobierno.gob.ec\/derechoshumanos\/wp-json\/wp\/v2\/posts"}],"about":[{"href":"https:\/\/www.ministeriodegobierno.gob.ec\/derechoshumanos\/wp-json\/wp\/v2\/types\/post"}],"author":[{"embeddable":true,"href":"https:\/\/www.ministeriodegobierno.gob.ec\/derechoshumanos\/wp-json\/wp\/v2\/users\/6"}],"replies":[{"embeddable":true,"href":"https:\/\/www.ministeriodegobierno.gob.ec\/derechoshumanos\/wp-json\/wp\/v2\/comments?post=8637"}],"version-history":[{"count":1,"href":"https:\/\/www.ministeriodegobierno.gob.ec\/derechoshumanos\/wp-json\/wp\/v2\/posts\/8637\/revisions"}],"predecessor-version":[{"id":8639,"href":"https:\/\/www.ministeriodegobierno.gob.ec\/derechoshumanos\/wp-json\/wp\/v2\/posts\/8637\/revisions\/8639"}],"wp:featuredmedia":[{"embeddable":true,"href":"https:\/\/www.ministeriodegobierno.gob.ec\/derechoshumanos\/wp-json\/wp\/v2\/media\/8638"}],"wp:attachment":[{"href":"https:\/\/www.ministeriodegobierno.gob.ec\/derechoshumanos\/wp-json\/wp\/v2\/media?parent=8637"}],"wp:term":[{"taxonomy":"category","embeddable":true,"href":"https:\/\/www.ministeriodegobierno.gob.ec\/derechoshumanos\/wp-json\/wp\/v2\/categories?post=8637"},{"taxonomy":"post_tag","embeddable":true,"href":"https:\/\/www.ministeriodegobierno.gob.ec\/derechoshumanos\/wp-json\/wp\/v2\/tags?post=8637"}],"curies":[{"name":"wp","href":"https:\/\/api.w.org\/{rel}","templated":true}]}}