{"id":8653,"date":"2021-04-16T18:00:25","date_gmt":"2021-04-16T23:00:25","guid":{"rendered":"https:\/\/www.derechoshumanos.gob.ec\/?p=8653"},"modified":"2021-04-16T18:00:25","modified_gmt":"2021-04-16T23:00:25","slug":"secretaria-de-derechos-humanos-y-el-gad-olmedo-realizaron-taller-formativo-integral-con-enfoque-psicojuridico","status":"publish","type":"post","link":"https:\/\/www.ministeriodegobierno.gob.ec\/derechoshumanos\/2021\/04\/16\/secretaria-de-derechos-humanos-y-el-gad-olmedo-realizaron-taller-formativo-integral-con-enfoque-psicojuridico\/","title":{"rendered":"Secretar\u00eda de Derechos Humanos y el GAD Olmedo realizaron taller formativo integral con enfoque psicojur\u00eddico"},"content":{"rendered":"\n<p class=\"wp-block-paragraph\"><\/p>\n\n\n\n<p class=\"wp-block-paragraph\"><strong>Olmedo, Ecuador.-<\/strong> La Secretar\u00eda de\nDerechos Humanos en coordinaci\u00f3n interinstitucional con el Gobierno Aut\u00f3nomo\nDescentralizado de Olmedo, realizaron taller formativo integral con enfoque\npsicojur\u00eddico, dirigido &nbsp;a miembros de la\nnueva Junta Cantonal de Protecci\u00f3n de Derechos.<\/p>\n\n\n\n<p class=\"wp-block-paragraph\">M\u00f3nica Fierro\nMontalvo, coordinadora &nbsp;de la Oficina\nT\u00e9cnica y Sophia Cueva, psic\u00f3loga cl\u00ednica del Servicio de Protecci\u00f3n Integral, brindaron\nel taller&nbsp; con el objetivo de que los\nintegrantes de la Junta Cantonal cuenten con herramientas t\u00e9cnico-cient\u00edficas\npara atender y emitir resoluciones en los casos de personas v\u00edctimas de todo\ntipo de violencias y de vulneraci\u00f3n de derechos. <\/p>\n\n\n\n<p class=\"wp-block-paragraph\">La creaci\u00f3n de la\nJunta Cantonal de Protecci\u00f3n Integral de Derechos en el cant\u00f3n Olmedo, fue un\ncompromiso que se ha sido cumplido por parte del Alcalde, quien ante la falta\nde recursos econ\u00f3micos, ha priorizado con voluntad pol\u00edtica la creaci\u00f3n de\ndicho organismo, que va a permitir fortalecer el Sistema Local de Protecci\u00f3n de\nDerechos. <\/p>\n\n\n\n<p class=\"wp-block-paragraph\">La Junta Cantonal es\nun organismo multidisciplinario que cuenta con abogado, psic\u00f3loga y trabajadora\nsocial, con el fin de brindar una atenci\u00f3n integral a los olmedenses.<\/p>\n\n\n\n<p class=\"wp-block-paragraph\">Al respecto, M\u00f3nica\nFierro Montalvo, manifest\u00f3 que: <em>\u201cla\nSecretar\u00eda de Derechos Humanos, ha trabajado durante este tiempo en comprometer\na los GAD\u00b4s cantonales para la territorializaci\u00f3n de la pol\u00edtica p\u00fablica en lo\nlocal, esto se ha venido dando en el cant\u00f3n Olmedo ya que existe el compromiso\ntotal de su primera autoridad para atender de manera oportuna y primordial a\nquienes son v\u00edctimas de violencias\u201d.<\/em><\/p>\n\n\n\n<p class=\"wp-block-paragraph\">Por su parte Klever\nS\u00e1nchez, alcalde de Olmedo, mencion\u00f3: <em>\u201cEn\nel cant\u00f3n estamos comprometidos totalmente con quienes son v\u00edctimas de\nviolencias y vulneraci\u00f3n de derechos, los proyectos se est\u00e1n ejecutando para\nque exista una atenci\u00f3n social permanente para nuestra ciudadan\u00eda, este es un\nobjetivo cumplido de los tantos que debemos llevar a cabo, para prevenir y\nerradicar las violencias\u201d.<\/em><em><\/em><\/p>\n","protected":false},"excerpt":{"rendered":"<p class=\"excerpt\">Olmedo, Ecuador.- La Secretar\u00eda de Derechos Humanos en coordinaci\u00f3n interinstitucional con el Gobierno Aut\u00f3nomo Descentralizado de Olmedo, realizaron taller formativo integral con enfoque psicojur\u00eddico, dirigido &nbsp;a miembros de la nueva Junta Cantonal de Protecci\u00f3n de Derechos. M\u00f3nica Fierro Montalvo, coordinadora &nbsp;de la Oficina T\u00e9cnica y Sophia Cueva, psic\u00f3loga cl\u00ednica del Servicio de Protecci\u00f3n Integral, brindaron el taller&nbsp; con el objetivo&hellip; <a href=\"https:\/\/www.ministeriodegobierno.gob.ec\/derechoshumanos\/2021\/04\/16\/secretaria-de-derechos-humanos-y-el-gad-olmedo-realizaron-taller-formativo-integral-con-enfoque-psicojuridico\/\">Read more &rarr;<\/a><\/p>\n","protected":false},"author":6,"featured_media":8654,"comment_status":"closed","ping_status":"closed","sticky":false,"template":"","format":"standard","meta":{"footnotes":""},"categories":[20,5,6],"tags":[],"class_list":["post-8653","post","type-post","status-publish","format-standard","has-post-thumbnail","hentry","category-boletin-de-prensa","category-noticias","category-noticias-destacadas","xfolkentry"],"_links":{"self":[{"href":"https:\/\/www.ministeriodegobierno.gob.ec\/derechoshumanos\/wp-json\/wp\/v2\/posts\/8653","targetHints":{"allow":["GET"]}}],"collection":[{"href":"https:\/\/www.ministeriodegobierno.gob.ec\/derechoshumanos\/wp-json\/wp\/v2\/posts"}],"about":[{"href":"https:\/\/www.ministeriodegobierno.gob.ec\/derechoshumanos\/wp-json\/wp\/v2\/types\/post"}],"author":[{"embeddable":true,"href":"https:\/\/www.ministeriodegobierno.gob.ec\/derechoshumanos\/wp-json\/wp\/v2\/users\/6"}],"replies":[{"embeddable":true,"href":"https:\/\/www.ministeriodegobierno.gob.ec\/derechoshumanos\/wp-json\/wp\/v2\/comments?post=8653"}],"version-history":[{"count":1,"href":"https:\/\/www.ministeriodegobierno.gob.ec\/derechoshumanos\/wp-json\/wp\/v2\/posts\/8653\/revisions"}],"predecessor-version":[{"id":8655,"href":"https:\/\/www.ministeriodegobierno.gob.ec\/derechoshumanos\/wp-json\/wp\/v2\/posts\/8653\/revisions\/8655"}],"wp:featuredmedia":[{"embeddable":true,"href":"https:\/\/www.ministeriodegobierno.gob.ec\/derechoshumanos\/wp-json\/wp\/v2\/media\/8654"}],"wp:attachment":[{"href":"https:\/\/www.ministeriodegobierno.gob.ec\/derechoshumanos\/wp-json\/wp\/v2\/media?parent=8653"}],"wp:term":[{"taxonomy":"category","embeddable":true,"href":"https:\/\/www.ministeriodegobierno.gob.ec\/derechoshumanos\/wp-json\/wp\/v2\/categories?post=8653"},{"taxonomy":"post_tag","embeddable":true,"href":"https:\/\/www.ministeriodegobierno.gob.ec\/derechoshumanos\/wp-json\/wp\/v2\/tags?post=8653"}],"curies":[{"name":"wp","href":"https:\/\/api.w.org\/{rel}","templated":true}]}}