{"id":8656,"date":"2021-04-19T09:48:38","date_gmt":"2021-04-19T14:48:38","guid":{"rendered":"https:\/\/www.derechoshumanos.gob.ec\/?p=8656"},"modified":"2021-04-19T09:48:41","modified_gmt":"2021-04-19T14:48:41","slug":"secretaria-de-derechos-humanos-realizo-abordaje-integral-en-caso-de-ninas-abandonadas-en-frontera-con-estados-unidos","status":"publish","type":"post","link":"https:\/\/www.ministeriodegobierno.gob.ec\/derechoshumanos\/2021\/04\/19\/secretaria-de-derechos-humanos-realizo-abordaje-integral-en-caso-de-ninas-abandonadas-en-frontera-con-estados-unidos\/","title":{"rendered":"Secretar\u00eda de Derechos Humanos realiz\u00f3 abordaje integral en caso de ni\u00f1as abandonadas en frontera con Estados Unidos"},"content":{"rendered":"\n<p class=\"wp-block-paragraph\"><\/p>\n\n\n\n<p class=\"wp-block-paragraph\"><strong>Loja, Ecuador.-<\/strong> La Secretar\u00eda de\nDerechos Humanos realiz\u00f3 intervenci\u00f3n social y valoraciones psicol\u00f3gicas a\nfamiliares de dos ni\u00f1as de cinco y tres a\u00f1os, quienes fueron encontradas en un\nmuro entre la frontera de Texas y Estados Unidos, v\u00edctimas de posible trata y\ntr\u00e1fico il\u00edcito de migrantes.<\/p>\n\n\n\n<p class=\"wp-block-paragraph\">El equipo t\u00e9cnico\ndel Servicio de Protecci\u00f3n Integral efectu\u00f3 el abordaje psicol\u00f3gico al abuelo\npaterno de las ni\u00f1as y se verific\u00f3 las condiciones de habitabilidad en caso de\nun pronto retorno de las ni\u00f1as al hogar de sus abuelos, esto debido a&nbsp; que sus padres radican en Estados Unidos.<\/p>\n\n\n\n<p class=\"wp-block-paragraph\">Dada la\nsingularidad del caso y el riesgo inminente al que las ni\u00f1as fueron\nexpuestas,&nbsp; se realizaron acciones\ninterinstitucionales con el Ministerio de Gobierno, Ministerio de Relaciones\nExteriores y Movilidad Humana, Ministerio de Inclusi\u00f3n Econ\u00f3mica y Social,\nMinisterio de Salud P\u00fablica y esta cartera de Estado, con el objetivo de velar\npor el inter\u00e9s superior de las ni\u00f1as, adem\u00e1s de salvaguardar su integridad\nf\u00edsica, emocional y sexual.<\/p>\n\n\n\n<p class=\"wp-block-paragraph\">M\u00f3nica Fierro\nMontalvo,&nbsp; coordinadora de la Oficina\nT\u00e9cnica Zonal 7, manifest\u00f3 que: <em>\u201cla\nSecretar\u00eda de Derechos Humanos, a trav\u00e9s de los Servicios de Protecci\u00f3n\nIntegral de la Zona 7 y sus distintas t\u00e9cnicas en territorio, se encuentran\nactivos diariamente en todos los casos en donde se vulneran los derechos de\ntodas las personas que forman parte de los grupos de atenci\u00f3n prioritaria,\nadem\u00e1s tomando en cuenta el riesgo de este caso, se realizar\u00e1 constante\nseguimiento a familiares de las ni\u00f1as, para que se pueda brindar un retorno\nseguro y una reinserci\u00f3n saludable y arm\u00f3nica al hogar de sus abuelos\u201d.<\/em><\/p>\n","protected":false},"excerpt":{"rendered":"<p class=\"excerpt\">Loja, Ecuador.- La Secretar\u00eda de Derechos Humanos realiz\u00f3 intervenci\u00f3n social y valoraciones psicol\u00f3gicas a familiares de dos ni\u00f1as de cinco y tres a\u00f1os, quienes fueron encontradas en un muro entre la frontera de Texas y Estados Unidos, v\u00edctimas de posible trata y tr\u00e1fico il\u00edcito de migrantes. El equipo t\u00e9cnico del Servicio de Protecci\u00f3n Integral efectu\u00f3 el abordaje psicol\u00f3gico al abuelo&hellip; <a href=\"https:\/\/www.ministeriodegobierno.gob.ec\/derechoshumanos\/2021\/04\/19\/secretaria-de-derechos-humanos-realizo-abordaje-integral-en-caso-de-ninas-abandonadas-en-frontera-con-estados-unidos\/\">Read more &rarr;<\/a><\/p>\n","protected":false},"author":6,"featured_media":8311,"comment_status":"closed","ping_status":"closed","sticky":false,"template":"","format":"standard","meta":{"footnotes":""},"categories":[20,5,6],"tags":[],"class_list":["post-8656","post","type-post","status-publish","format-standard","has-post-thumbnail","hentry","category-boletin-de-prensa","category-noticias","category-noticias-destacadas","xfolkentry"],"_links":{"self":[{"href":"https:\/\/www.ministeriodegobierno.gob.ec\/derechoshumanos\/wp-json\/wp\/v2\/posts\/8656","targetHints":{"allow":["GET"]}}],"collection":[{"href":"https:\/\/www.ministeriodegobierno.gob.ec\/derechoshumanos\/wp-json\/wp\/v2\/posts"}],"about":[{"href":"https:\/\/www.ministeriodegobierno.gob.ec\/derechoshumanos\/wp-json\/wp\/v2\/types\/post"}],"author":[{"embeddable":true,"href":"https:\/\/www.ministeriodegobierno.gob.ec\/derechoshumanos\/wp-json\/wp\/v2\/users\/6"}],"replies":[{"embeddable":true,"href":"https:\/\/www.ministeriodegobierno.gob.ec\/derechoshumanos\/wp-json\/wp\/v2\/comments?post=8656"}],"version-history":[{"count":1,"href":"https:\/\/www.ministeriodegobierno.gob.ec\/derechoshumanos\/wp-json\/wp\/v2\/posts\/8656\/revisions"}],"predecessor-version":[{"id":8657,"href":"https:\/\/www.ministeriodegobierno.gob.ec\/derechoshumanos\/wp-json\/wp\/v2\/posts\/8656\/revisions\/8657"}],"wp:featuredmedia":[{"embeddable":true,"href":"https:\/\/www.ministeriodegobierno.gob.ec\/derechoshumanos\/wp-json\/wp\/v2\/media\/8311"}],"wp:attachment":[{"href":"https:\/\/www.ministeriodegobierno.gob.ec\/derechoshumanos\/wp-json\/wp\/v2\/media?parent=8656"}],"wp:term":[{"taxonomy":"category","embeddable":true,"href":"https:\/\/www.ministeriodegobierno.gob.ec\/derechoshumanos\/wp-json\/wp\/v2\/categories?post=8656"},{"taxonomy":"post_tag","embeddable":true,"href":"https:\/\/www.ministeriodegobierno.gob.ec\/derechoshumanos\/wp-json\/wp\/v2\/tags?post=8656"}],"curies":[{"name":"wp","href":"https:\/\/api.w.org\/{rel}","templated":true}]}}