{"id":8659,"date":"2021-04-19T09:51:40","date_gmt":"2021-04-19T14:51:40","guid":{"rendered":"https:\/\/www.derechoshumanos.gob.ec\/?p=8659"},"modified":"2021-04-19T09:51:43","modified_gmt":"2021-04-19T14:51:43","slug":"secretaria-de-derechos-humanos-realizo-abordaje-y-seguimiento-integral-en-caso-de-ninos-en-situacion-de-movilidad-humana-en-loja","status":"publish","type":"post","link":"https:\/\/www.ministeriodegobierno.gob.ec\/derechoshumanos\/2021\/04\/19\/secretaria-de-derechos-humanos-realizo-abordaje-y-seguimiento-integral-en-caso-de-ninos-en-situacion-de-movilidad-humana-en-loja\/","title":{"rendered":"Secretar\u00eda de Derechos Humanos realiz\u00f3 abordaje y seguimiento integral en caso de ni\u00f1os en situaci\u00f3n de movilidad humana en Loja"},"content":{"rendered":"\n<p class=\"wp-block-paragraph\"><\/p>\n\n\n\n<p class=\"wp-block-paragraph\"><strong>Loja, Ecuador.-<\/strong> En la\nparroquia Vilcabamba del cant\u00f3n Loja, la Secretar\u00eda de Derechos Humanos a\ntrav\u00e9s del Servicio de Protecci\u00f3n Integral (SPI), realiz\u00f3 intervenci\u00f3n\nsocial,&nbsp; valoraciones psicol\u00f3gicas&nbsp; y seguimiento integral a dos\nni\u00f1os de 8 y 6 a\u00f1os de edad, quienes son v\u00edctimas de negligencia en su cuidado\npor parte de su madre.<\/p>\n\n\n\n<p class=\"wp-block-paragraph\">El equipo\nt\u00e9cnico brind\u00f3 contenci\u00f3n emocional, &nbsp;pues su &nbsp;madre present\u00f3 un cuadro de consumo de sustancias\nsujetas a fiscalizaci\u00f3n; adem\u00e1s se coordin\u00f3 con casas de salud de la parroquia\nVilcabamaba&nbsp; a fin de realizar una valoraci\u00f3n m\u00e9dica a la madre.<\/p>\n\n\n\n<p class=\"wp-block-paragraph\">Dado los\nhechos de riesgo en el cuidado de los ni\u00f1os, se realiz\u00f3 un trabajo mancomunado\ncon servidores del Ministerio de Gobierno a trav\u00e9s de la Tenencia Pol\u00edtica de\nla Parroquia y la Junta Cantonal de Loja &nbsp;con el fin de precautelar la integridad\nf\u00edsica, emocional y sexual de los menores.<\/p>\n\n\n\n<p class=\"wp-block-paragraph\">Debido a\nla labor entre instituciones se logr\u00f3 emitir las medidas de protecci\u00f3n\nnecesarias para los ni\u00f1os, quienes se encuentran en la actualidad bajo la\nprotecci\u00f3n y cuidado de su padre, la familia demuestra&nbsp; estabilidad\nemocional y sobre todo no se encuentran expuestos a ning\u00fan tipo de riesgo.<\/p>\n\n\n\n<p class=\"wp-block-paragraph\">M\u00f3nica\nFierro Montalvo, coordinadora de la Oficina T\u00e9cnica indic\u00f3: <em>\u201cla intervenci\u00f3n oportuna y activaci\u00f3n del\nequipo de profesionales de esta entidad nos permite un abordaje integral y\nespecializado a las v\u00edctimas de violencia\u201d.<\/em><\/p>\n","protected":false},"excerpt":{"rendered":"<p class=\"excerpt\">Loja, Ecuador.- En la parroquia Vilcabamba del cant\u00f3n Loja, la Secretar\u00eda de Derechos Humanos a trav\u00e9s del Servicio de Protecci\u00f3n Integral (SPI), realiz\u00f3 intervenci\u00f3n social,&nbsp; valoraciones psicol\u00f3gicas&nbsp; y seguimiento integral a dos ni\u00f1os de 8 y 6 a\u00f1os de edad, quienes son v\u00edctimas de negligencia en su cuidado por parte de su madre. El equipo t\u00e9cnico brind\u00f3 contenci\u00f3n emocional, &nbsp;pues&hellip; <a href=\"https:\/\/www.ministeriodegobierno.gob.ec\/derechoshumanos\/2021\/04\/19\/secretaria-de-derechos-humanos-realizo-abordaje-y-seguimiento-integral-en-caso-de-ninos-en-situacion-de-movilidad-humana-en-loja\/\">Read more &rarr;<\/a><\/p>\n","protected":false},"author":6,"featured_media":8311,"comment_status":"closed","ping_status":"closed","sticky":false,"template":"","format":"standard","meta":{"footnotes":""},"categories":[20,5,6],"tags":[],"class_list":["post-8659","post","type-post","status-publish","format-standard","has-post-thumbnail","hentry","category-boletin-de-prensa","category-noticias","category-noticias-destacadas","xfolkentry"],"_links":{"self":[{"href":"https:\/\/www.ministeriodegobierno.gob.ec\/derechoshumanos\/wp-json\/wp\/v2\/posts\/8659","targetHints":{"allow":["GET"]}}],"collection":[{"href":"https:\/\/www.ministeriodegobierno.gob.ec\/derechoshumanos\/wp-json\/wp\/v2\/posts"}],"about":[{"href":"https:\/\/www.ministeriodegobierno.gob.ec\/derechoshumanos\/wp-json\/wp\/v2\/types\/post"}],"author":[{"embeddable":true,"href":"https:\/\/www.ministeriodegobierno.gob.ec\/derechoshumanos\/wp-json\/wp\/v2\/users\/6"}],"replies":[{"embeddable":true,"href":"https:\/\/www.ministeriodegobierno.gob.ec\/derechoshumanos\/wp-json\/wp\/v2\/comments?post=8659"}],"version-history":[{"count":1,"href":"https:\/\/www.ministeriodegobierno.gob.ec\/derechoshumanos\/wp-json\/wp\/v2\/posts\/8659\/revisions"}],"predecessor-version":[{"id":8660,"href":"https:\/\/www.ministeriodegobierno.gob.ec\/derechoshumanos\/wp-json\/wp\/v2\/posts\/8659\/revisions\/8660"}],"wp:featuredmedia":[{"embeddable":true,"href":"https:\/\/www.ministeriodegobierno.gob.ec\/derechoshumanos\/wp-json\/wp\/v2\/media\/8311"}],"wp:attachment":[{"href":"https:\/\/www.ministeriodegobierno.gob.ec\/derechoshumanos\/wp-json\/wp\/v2\/media?parent=8659"}],"wp:term":[{"taxonomy":"category","embeddable":true,"href":"https:\/\/www.ministeriodegobierno.gob.ec\/derechoshumanos\/wp-json\/wp\/v2\/categories?post=8659"},{"taxonomy":"post_tag","embeddable":true,"href":"https:\/\/www.ministeriodegobierno.gob.ec\/derechoshumanos\/wp-json\/wp\/v2\/tags?post=8659"}],"curies":[{"name":"wp","href":"https:\/\/api.w.org\/{rel}","templated":true}]}}