{"id":8662,"date":"2021-04-19T09:54:49","date_gmt":"2021-04-19T14:54:49","guid":{"rendered":"https:\/\/www.derechoshumanos.gob.ec\/?p=8662"},"modified":"2021-04-19T09:54:53","modified_gmt":"2021-04-19T14:54:53","slug":"la-secretaria-de-derechos-humanos-realiza-seguimiento-de-acuerdos-del-plan-nacional-de-prevencion-y-erradicacion-de-la-violencia-contra-las-mujeres-en-santa-elena","status":"publish","type":"post","link":"https:\/\/www.ministeriodegobierno.gob.ec\/derechoshumanos\/2021\/04\/19\/la-secretaria-de-derechos-humanos-realiza-seguimiento-de-acuerdos-del-plan-nacional-de-prevencion-y-erradicacion-de-la-violencia-contra-las-mujeres-en-santa-elena\/","title":{"rendered":"La Secretar\u00eda de Derechos Humanos realiza seguimiento de acuerdos del Plan Nacional de Prevenci\u00f3n y Erradicaci\u00f3n de la Violencia contra las Mujeres en  Santa Elena"},"content":{"rendered":"\n<p class=\"wp-block-paragraph\"><\/p>\n\n\n\n<p class=\"wp-block-paragraph\"><strong>Salinas, Ecuador.- <\/strong>La Secretar\u00eda de Derechos Humanos (SDH) realiz\u00f3 mesas\ncantonales en la provincia de Santa Elena con la finalidad de dar seguimiento a\nlos acuerdos del Plan Nacional de Prevenci\u00f3n y Erradicaci\u00f3n de la Violencia\ncontra las Mujeres. <\/p>\n\n\n\n<p class=\"wp-block-paragraph\">En la mesa\nt\u00e9cnica se analizaron las estrategias y los ejes de acci\u00f3n del Plan, referentes\na la prevenci\u00f3n, protecci\u00f3n, atenci\u00f3n y reparaci\u00f3n en coordinaci\u00f3n con las\ninstituciones gubernamentales y organizaciones de la sociedad civil, en\nbeneficio de las mujeres para prevenir y erradicar la violencia.<\/p>\n\n\n\n<p class=\"wp-block-paragraph\">Gracias a la participaci\u00f3n de los representantes de las instituciones que\nconforman el Sistemas Nacional para Prevenir y Erradicar la Violencia contra\nlas Mujeres desde lo local, se conoci\u00f3 la implementaci\u00f3n de rutas de\nintervenci\u00f3n en los casos de violencia intrafamiliar y de g\u00e9nero durante la\npandemia, y la aplicaci\u00f3n de las medidas administrativas de protecci\u00f3n\ninmediata en la provincia y sus diferentes cantones, logrando que se adquieran\ncompromisos y acuerdos por parte de las instituciones en territorio. <\/p>\n\n\n\n<p class=\"wp-block-paragraph\">Al respecto Aracely S\u00e1nchez, coordinadora de la Oficina T\u00e9cnica 5 se\u00f1al\u00f3: <em>\u201cCon el Plan Nacional para Prevenir y Erradicar\nla Violencia en cada cant\u00f3n se logra establecer la corresponsabilidad entre las\nInstituciones p\u00fablicas, privadas y la sociedad. Estas mesas sirven para\nvisibilizar los nudos cr\u00edticos de forma real y ajustada a la particularidad de\ncada ciudad, logrando acuerdos y compromisos reales que se puedan ejecutar y\nmonitorear con el prop\u00f3sito com\u00fan de logar una verdadera atenci\u00f3n integral a\nlas v\u00edctimas de violencia intrafamiliar y de g\u00e9nero\u201d. <\/em><\/p>\n\n\n\n<p class=\"wp-block-paragraph\">En el eje de prevenci\u00f3n se trabajar\u00e1 en estrategias para erradicar la\nviolencia de g\u00e9nero, &nbsp;y en la sensibilizaci\u00f3n\nde lideres barriales y defensores comunitarios, articulando con Tenencias\nPol\u00edticas y presidentes de los GAD parroquiales.<\/p>\n\n\n\n<p class=\"wp-block-paragraph\">En el eje de atenci\u00f3n y protecci\u00f3n la prioridad es la\ncobertura de servicios de acogimiento y atenci\u00f3n especializada, se indic\u00f3&nbsp; la importancia de crear Casas de Acogida para\natenci\u00f3n a mujeres v\u00edctimas de violencia, por medio de los GAD Municipales.<\/p>\n\n\n\n<p class=\"wp-block-paragraph\">En cuanto al eje de reparaci\u00f3n se\nacord\u00f3 el trabajo para la reparaci\u00f3n integral y que esta tenga un acompa\u00f1amiento\nen el \u00e1rea psicol\u00f3gica, social, educativa y econ\u00f3mica adecuada para que&nbsp; se logre salir del c\u00edrculo de la violencia.<\/p>\n","protected":false},"excerpt":{"rendered":"<p class=\"excerpt\">Salinas, Ecuador.- La Secretar\u00eda de Derechos Humanos (SDH) realiz\u00f3 mesas cantonales en la provincia de Santa Elena con la finalidad de dar seguimiento a los acuerdos del Plan Nacional de Prevenci\u00f3n y Erradicaci\u00f3n de la Violencia contra las Mujeres. En la mesa t\u00e9cnica se analizaron las estrategias y los ejes de acci\u00f3n del Plan, referentes a la prevenci\u00f3n, protecci\u00f3n, atenci\u00f3n&hellip; <a href=\"https:\/\/www.ministeriodegobierno.gob.ec\/derechoshumanos\/2021\/04\/19\/la-secretaria-de-derechos-humanos-realiza-seguimiento-de-acuerdos-del-plan-nacional-de-prevencion-y-erradicacion-de-la-violencia-contra-las-mujeres-en-santa-elena\/\">Read more &rarr;<\/a><\/p>\n","protected":false},"author":6,"featured_media":8311,"comment_status":"closed","ping_status":"closed","sticky":false,"template":"","format":"standard","meta":{"footnotes":""},"categories":[20,5,6],"tags":[],"class_list":["post-8662","post","type-post","status-publish","format-standard","has-post-thumbnail","hentry","category-boletin-de-prensa","category-noticias","category-noticias-destacadas","xfolkentry"],"_links":{"self":[{"href":"https:\/\/www.ministeriodegobierno.gob.ec\/derechoshumanos\/wp-json\/wp\/v2\/posts\/8662","targetHints":{"allow":["GET"]}}],"collection":[{"href":"https:\/\/www.ministeriodegobierno.gob.ec\/derechoshumanos\/wp-json\/wp\/v2\/posts"}],"about":[{"href":"https:\/\/www.ministeriodegobierno.gob.ec\/derechoshumanos\/wp-json\/wp\/v2\/types\/post"}],"author":[{"embeddable":true,"href":"https:\/\/www.ministeriodegobierno.gob.ec\/derechoshumanos\/wp-json\/wp\/v2\/users\/6"}],"replies":[{"embeddable":true,"href":"https:\/\/www.ministeriodegobierno.gob.ec\/derechoshumanos\/wp-json\/wp\/v2\/comments?post=8662"}],"version-history":[{"count":1,"href":"https:\/\/www.ministeriodegobierno.gob.ec\/derechoshumanos\/wp-json\/wp\/v2\/posts\/8662\/revisions"}],"predecessor-version":[{"id":8663,"href":"https:\/\/www.ministeriodegobierno.gob.ec\/derechoshumanos\/wp-json\/wp\/v2\/posts\/8662\/revisions\/8663"}],"wp:featuredmedia":[{"embeddable":true,"href":"https:\/\/www.ministeriodegobierno.gob.ec\/derechoshumanos\/wp-json\/wp\/v2\/media\/8311"}],"wp:attachment":[{"href":"https:\/\/www.ministeriodegobierno.gob.ec\/derechoshumanos\/wp-json\/wp\/v2\/media?parent=8662"}],"wp:term":[{"taxonomy":"category","embeddable":true,"href":"https:\/\/www.ministeriodegobierno.gob.ec\/derechoshumanos\/wp-json\/wp\/v2\/categories?post=8662"},{"taxonomy":"post_tag","embeddable":true,"href":"https:\/\/www.ministeriodegobierno.gob.ec\/derechoshumanos\/wp-json\/wp\/v2\/tags?post=8662"}],"curies":[{"name":"wp","href":"https:\/\/api.w.org\/{rel}","templated":true}]}}