{"id":8784,"date":"2021-04-20T19:43:55","date_gmt":"2021-04-21T00:43:55","guid":{"rendered":"https:\/\/www.derechoshumanos.gob.ec\/?p=8784"},"modified":"2021-04-21T08:28:20","modified_gmt":"2021-04-21T13:28:20","slug":"la-secretaria-de-derechos-humanos-suscribe-convenio-de-cooporacion-con-la-corporacion-de-asociaciones-comunitarias-de-cotopaxi-y-tungurahua-cactu-y-child-fund-ecuador","status":"publish","type":"post","link":"https:\/\/www.ministeriodegobierno.gob.ec\/derechoshumanos\/2021\/04\/20\/la-secretaria-de-derechos-humanos-suscribe-convenio-de-cooporacion-con-la-corporacion-de-asociaciones-comunitarias-de-cotopaxi-y-tungurahua-cactu-y-child-fund-ecuador\/","title":{"rendered":"La Secretar\u00eda de Derechos Humanos suscribe convenio de cooporaci\u00f3n con la Corporaci\u00f3n de Asociaciones Comunitarias de Cotopaxi y Tungurahua (CACTU) y Child Fund &#8211; Ecuador"},"content":{"rendered":"\n<p class=\"wp-block-paragraph\"><strong>Quito,\nEcuador._ <\/strong>&nbsp;La Secretar\u00eda\nde Derechos Humanos suscribi\u00f3 un convenio de cooperaci\u00f3n entre la Corporaci\u00f3n\nde Asociaciones Comunitarias de Cotopaxi y Tungurahua (CACTU) y Child Fund \u2013\nEcuador.<\/p>\n\n\n\n<p class=\"wp-block-paragraph\">El\nconvenio tiene como objetivo coordinar y establecer acciones conjuntas para la\nprotecci\u00f3n de ni\u00f1as, ni\u00f1os, adolescentes y mujeres frente a todas las formas de\nviolencia, mediante la promoci\u00f3n, prevenci\u00f3n, derivaci\u00f3n y respuesta frente a\nvulneraciones de sus derechos, promoviendo el fortalecimiento de los mecanismos\nde protecci\u00f3n basados en la comunidad y su relacionamiento con las\ninstituciones del sistema de protecci\u00f3n de derechos a nivel local en las\nprovincias de Cotopaxi y Tungurahua.<\/p>\n\n\n\n<p class=\"wp-block-paragraph\">Cecilia\nChac\u00f3n, secretaria de Derechos Humanos, inform\u00f3 que este acuerdo es un esfuerzo\nplasmado en Cotopaxi y Tungurahua para profundizar el trabajo en territorio\nprivilegiando la protecci\u00f3n infantil y la erradicaci\u00f3n de la violencia contra\nlas mujeres, ni\u00f1os, ni\u00f1as y adolescentes; y, enfatiz\u00f3: <em>\u201cTodos somos parte del sistema de prevenci\u00f3n y erradicaci\u00f3n, por lo\ntanto, firmar este convenio ratifica el esfuerzo que venimos haciendo como es,\nempoderar el autoestima de las mujeres para evitar ser v\u00edctimas de la\nviolencia\u201d<\/em>.<\/p>\n\n\n\n<p class=\"wp-block-paragraph\">Por\nsu parte, Kelly Perneth, delegada del se\u00f1or Washington Meza, gerente de la\nCorporaci\u00f3n de Asociaciones Comunitarias de Cotopaxi y Tungurahua (CACTU), mencion\u00f3<em>: \u201cEste convenio materializa el rol de las\ncomunidades por ello nos comprometemos a ser parte del cambio y luchar por un\nmundo sin violencia\u201d.<\/em> <\/p>\n\n\n\n<p class=\"wp-block-paragraph\">Finalmente,\nJanet Cruz, representante de Child Fund \u2013 Ecuador, recalc\u00f3 que&nbsp; la voz de las comunidades es importante\nescucharla para entender las realidades a fin de juntar esfuerzos para apoyar y\ncrear mecanismos de prevenci\u00f3n a favor de las ni\u00f1as, ni\u00f1os y mujeres. <\/p>\n\n\n\n<p class=\"wp-block-paragraph\">La\nsuscripci\u00f3n de este convenio cooperaci\u00f3n tiene una duraci\u00f3n de tres a\u00f1os y\npodr\u00e1 ser renovado por acuerdo mutuo entre las partes.<\/p>\n\n\n\n<p class=\"wp-block-paragraph\"><strong>Para mayor\ninformaci\u00f3n <\/strong><\/p>\n\n\n\n<p class=\"wp-block-paragraph\"><strong>Direcci\u00f3n de\nComunicaci\u00f3n \u2013 Secretar\u00eda de Derechos Humanos<\/strong><\/p>\n","protected":false},"excerpt":{"rendered":"<p class=\"excerpt\">Quito, Ecuador._ &nbsp;La Secretar\u00eda de Derechos Humanos suscribi\u00f3 un convenio de cooperaci\u00f3n entre la Corporaci\u00f3n de Asociaciones Comunitarias de Cotopaxi y Tungurahua (CACTU) y Child Fund \u2013 Ecuador. El convenio tiene como objetivo coordinar y establecer acciones conjuntas para la protecci\u00f3n de ni\u00f1as, ni\u00f1os, adolescentes y mujeres frente a todas las formas de violencia, mediante la promoci\u00f3n, prevenci\u00f3n, derivaci\u00f3n y&hellip; <a href=\"https:\/\/www.ministeriodegobierno.gob.ec\/derechoshumanos\/2021\/04\/20\/la-secretaria-de-derechos-humanos-suscribe-convenio-de-cooporacion-con-la-corporacion-de-asociaciones-comunitarias-de-cotopaxi-y-tungurahua-cactu-y-child-fund-ecuador\/\">Read more &rarr;<\/a><\/p>\n","protected":false},"author":8,"featured_media":8790,"comment_status":"closed","ping_status":"closed","sticky":false,"template":"","format":"standard","meta":{"footnotes":""},"categories":[20,5,6],"tags":[],"class_list":["post-8784","post","type-post","status-publish","format-standard","has-post-thumbnail","hentry","category-boletin-de-prensa","category-noticias","category-noticias-destacadas","xfolkentry"],"_links":{"self":[{"href":"https:\/\/www.ministeriodegobierno.gob.ec\/derechoshumanos\/wp-json\/wp\/v2\/posts\/8784","targetHints":{"allow":["GET"]}}],"collection":[{"href":"https:\/\/www.ministeriodegobierno.gob.ec\/derechoshumanos\/wp-json\/wp\/v2\/posts"}],"about":[{"href":"https:\/\/www.ministeriodegobierno.gob.ec\/derechoshumanos\/wp-json\/wp\/v2\/types\/post"}],"author":[{"embeddable":true,"href":"https:\/\/www.ministeriodegobierno.gob.ec\/derechoshumanos\/wp-json\/wp\/v2\/users\/8"}],"replies":[{"embeddable":true,"href":"https:\/\/www.ministeriodegobierno.gob.ec\/derechoshumanos\/wp-json\/wp\/v2\/comments?post=8784"}],"version-history":[{"count":2,"href":"https:\/\/www.ministeriodegobierno.gob.ec\/derechoshumanos\/wp-json\/wp\/v2\/posts\/8784\/revisions"}],"predecessor-version":[{"id":8791,"href":"https:\/\/www.ministeriodegobierno.gob.ec\/derechoshumanos\/wp-json\/wp\/v2\/posts\/8784\/revisions\/8791"}],"wp:featuredmedia":[{"embeddable":true,"href":"https:\/\/www.ministeriodegobierno.gob.ec\/derechoshumanos\/wp-json\/wp\/v2\/media\/8790"}],"wp:attachment":[{"href":"https:\/\/www.ministeriodegobierno.gob.ec\/derechoshumanos\/wp-json\/wp\/v2\/media?parent=8784"}],"wp:term":[{"taxonomy":"category","embeddable":true,"href":"https:\/\/www.ministeriodegobierno.gob.ec\/derechoshumanos\/wp-json\/wp\/v2\/categories?post=8784"},{"taxonomy":"post_tag","embeddable":true,"href":"https:\/\/www.ministeriodegobierno.gob.ec\/derechoshumanos\/wp-json\/wp\/v2\/tags?post=8784"}],"curies":[{"name":"wp","href":"https:\/\/api.w.org\/{rel}","templated":true}]}}