{"id":8787,"date":"2021-04-20T19:51:07","date_gmt":"2021-04-21T00:51:07","guid":{"rendered":"https:\/\/www.derechoshumanos.gob.ec\/?p=8787"},"modified":"2021-04-20T19:51:08","modified_gmt":"2021-04-21T00:51:08","slug":"la-secretaria-de-derechos-humanos-realiza-seguimiento-a-los-acuerdos-del-plan-nacional-de-prevencion-y-erradicacion-de-la-violencia-contra-las-mujeres-en-manabi","status":"publish","type":"post","link":"https:\/\/www.ministeriodegobierno.gob.ec\/derechoshumanos\/2021\/04\/20\/la-secretaria-de-derechos-humanos-realiza-seguimiento-a-los-acuerdos-del-plan-nacional-de-prevencion-y-erradicacion-de-la-violencia-contra-las-mujeres-en-manabi\/","title":{"rendered":"La Secretar\u00eda de Derechos Humanos realiza seguimiento a los acuerdos del Plan Nacional de Prevenci\u00f3n y Erradicaci\u00f3n de la Violencia contra las Mujeres en Manab\u00ed"},"content":{"rendered":"\n<p class=\"wp-block-paragraph\"><strong>Jipijapa,\nEcuador._ <\/strong>La Secretar\u00eda de Derechos Humanos (SDH) a trav\u00e9s de\nla zona 4, realiz\u00f3 la mesa t\u00e9cnica en Jipijapa, con el objetivo de dar\nseguimiento a los acuerdo del Plan Nacional de Prevenci\u00f3n y Erradicaci\u00f3n de la\nViolencia contra las Mujeres, en el acto virtual participaron 100 representantes\ndel Sistema de Protecci\u00f3n de Derechos.<\/p>\n\n\n\n<p class=\"wp-block-paragraph\">En esta mesa t\u00e9cnica se analizaron las\nestrategias y los ejes de acci\u00f3n, referentes a la prevenci\u00f3n, protecci\u00f3n \u2013\natenci\u00f3n y reparaci\u00f3n en coordinaci\u00f3n con las instituciones gubernamentales y\norganizaciones de la sociedad civil, en beneficio de las mujeres para prevenir\ny erradicar la violencia.<\/p>\n\n\n\n<p class=\"wp-block-paragraph\">Juan Carlos Pe\u00f1afiel, responsable de la\nzona 4, inform\u00f3 que la mesa t\u00e9cnica es una oportunidad de trabajo articulado\npara expandir&nbsp; los servicios a las\nv\u00edctimas de violencia y aplicar la pol\u00edtica p\u00fablica desde el territorio. <\/p>\n\n\n\n<p class=\"wp-block-paragraph\">Jhonny Tagle, presidente del Consejo\nCantonal de Protecci\u00f3n de Derechos, mencion\u00f3 que trabajar en conjunto es\ncomprometerse con el Sistema a fin de generar acciones a favor&nbsp; del cant\u00f3n. Mientras que, Milton Sornoza\nOrlando, secretario ejecutivo del Consejo Cantonal de Protecci\u00f3n de Derechos, indic\u00f3\nque est\u00e1n comprometidos para trabajar por la restituci\u00f3n de los derechos en\nbeneficio de las mujeres. <\/p>\n\n\n\n<p class=\"wp-block-paragraph\">En este sentido, se determinaron varios\nacuerdos en torno a los siguientes ejes:<\/p>\n\n\n\n<p class=\"wp-block-paragraph\">En el eje de prevenci\u00f3n, se estableci\u00f3\nrealizar campa\u00f1as de sensibilizaci\u00f3n sobre erradicaci\u00f3n de la violencia, as\u00ed\ncomo, realizar una difusi\u00f3n generalizada para concientizar a la comunidad en\nespecial a los hombres sobre el respeto que se debe brindar a las mujeres; y, llegar\na comunidades con procesos de sensibilizaci\u00f3n. <\/p>\n\n\n\n<p class=\"wp-block-paragraph\">En el eje de atenci\u00f3n\/protecci\u00f3n, se\ndetermin\u00f3 implementar mesas de di\u00e1logo que permitan generar intervenciones m\u00e1s\nintensas en los servicios que se brindan, homologar protocolos para\nintervenciones determinadas a favor de la mujer e implementar una red que\npermita articular acciones entre sociedad civil y Gobierno Central. <\/p>\n\n\n\n<p class=\"wp-block-paragraph\">Finalmente en el eje de reparaci\u00f3n, se\nplante\u00f3 el fortalecimiento de procesos para la reparaci\u00f3n integral, incentivar\nlos emprendimientos como ayuda econ\u00f3mica para las v\u00edctimas de violencia y\nestimular la igualdad de derechos humanos con miras a una reparaci\u00f3n integral\nque incluyan a las familias. <\/p>\n\n\n\n<p class=\"wp-block-paragraph\">La Secretar\u00eda de Derechos Humanos en\ncoordinaci\u00f3n interinstitucional continuar\u00e1 gestionando acciones inmediatas para\nprevenir y erradicar la violencia.<\/p>\n\n\n\n<p class=\"wp-block-paragraph\"><strong>Para mayor\ninformaci\u00f3n <\/strong><\/p>\n\n\n\n<p class=\"wp-block-paragraph\"><strong>Direcci\u00f3n de\nComunicaci\u00f3n \u2013 Secretar\u00eda de Derechos Humanos<\/strong><\/p>\n","protected":false},"excerpt":{"rendered":"<p class=\"excerpt\">Jipijapa, Ecuador._ La Secretar\u00eda de Derechos Humanos (SDH) a trav\u00e9s de la zona 4, realiz\u00f3 la mesa t\u00e9cnica en Jipijapa, con el objetivo de dar seguimiento a los acuerdo del Plan Nacional de Prevenci\u00f3n y Erradicaci\u00f3n de la Violencia contra las Mujeres, en el acto virtual participaron 100 representantes del Sistema de Protecci\u00f3n de Derechos. En esta mesa t\u00e9cnica se&hellip; <a href=\"https:\/\/www.ministeriodegobierno.gob.ec\/derechoshumanos\/2021\/04\/20\/la-secretaria-de-derechos-humanos-realiza-seguimiento-a-los-acuerdos-del-plan-nacional-de-prevencion-y-erradicacion-de-la-violencia-contra-las-mujeres-en-manabi\/\">Read more &rarr;<\/a><\/p>\n","protected":false},"author":8,"featured_media":8788,"comment_status":"closed","ping_status":"closed","sticky":false,"template":"","format":"standard","meta":{"footnotes":""},"categories":[20,5,6],"tags":[],"class_list":["post-8787","post","type-post","status-publish","format-standard","has-post-thumbnail","hentry","category-boletin-de-prensa","category-noticias","category-noticias-destacadas","xfolkentry"],"_links":{"self":[{"href":"https:\/\/www.ministeriodegobierno.gob.ec\/derechoshumanos\/wp-json\/wp\/v2\/posts\/8787","targetHints":{"allow":["GET"]}}],"collection":[{"href":"https:\/\/www.ministeriodegobierno.gob.ec\/derechoshumanos\/wp-json\/wp\/v2\/posts"}],"about":[{"href":"https:\/\/www.ministeriodegobierno.gob.ec\/derechoshumanos\/wp-json\/wp\/v2\/types\/post"}],"author":[{"embeddable":true,"href":"https:\/\/www.ministeriodegobierno.gob.ec\/derechoshumanos\/wp-json\/wp\/v2\/users\/8"}],"replies":[{"embeddable":true,"href":"https:\/\/www.ministeriodegobierno.gob.ec\/derechoshumanos\/wp-json\/wp\/v2\/comments?post=8787"}],"version-history":[{"count":1,"href":"https:\/\/www.ministeriodegobierno.gob.ec\/derechoshumanos\/wp-json\/wp\/v2\/posts\/8787\/revisions"}],"predecessor-version":[{"id":8789,"href":"https:\/\/www.ministeriodegobierno.gob.ec\/derechoshumanos\/wp-json\/wp\/v2\/posts\/8787\/revisions\/8789"}],"wp:featuredmedia":[{"embeddable":true,"href":"https:\/\/www.ministeriodegobierno.gob.ec\/derechoshumanos\/wp-json\/wp\/v2\/media\/8788"}],"wp:attachment":[{"href":"https:\/\/www.ministeriodegobierno.gob.ec\/derechoshumanos\/wp-json\/wp\/v2\/media?parent=8787"}],"wp:term":[{"taxonomy":"category","embeddable":true,"href":"https:\/\/www.ministeriodegobierno.gob.ec\/derechoshumanos\/wp-json\/wp\/v2\/categories?post=8787"},{"taxonomy":"post_tag","embeddable":true,"href":"https:\/\/www.ministeriodegobierno.gob.ec\/derechoshumanos\/wp-json\/wp\/v2\/tags?post=8787"}],"curies":[{"name":"wp","href":"https:\/\/api.w.org\/{rel}","templated":true}]}}