{"id":8812,"date":"2021-04-21T16:38:39","date_gmt":"2021-04-21T21:38:39","guid":{"rendered":"https:\/\/www.derechoshumanos.gob.ec\/?p=8812"},"modified":"2021-04-21T16:38:40","modified_gmt":"2021-04-21T21:38:40","slug":"la-secretaria-de-derechos-humanos-y-el-sistema-de-naciones-unidas-suscribieron-memorando-de-entendimiento-para-trabajo-conjunto","status":"publish","type":"post","link":"https:\/\/www.ministeriodegobierno.gob.ec\/derechoshumanos\/2021\/04\/21\/la-secretaria-de-derechos-humanos-y-el-sistema-de-naciones-unidas-suscribieron-memorando-de-entendimiento-para-trabajo-conjunto\/","title":{"rendered":"La Secretar\u00eda de Derechos Humanos y el Sistema de Naciones Unidas suscribieron Memorando de Entendimiento para trabajo conjunto"},"content":{"rendered":"\n<p class=\"wp-block-paragraph\"><strong>Quito, Ecuador.-<\/strong> Cecilia Chac\u00f3n, secretaria de Derechos Humanos y Lena Savelli, coordinadora residente del Sistema de Naciones Unidas en Ecuador, suscribieron un Memorando de Entendimiento <strong>para\u00a0 articular la cooperaci\u00f3n existente y futura entre las instituciones, con la finalidad de lograr los objetivos <\/strong>en torno a las \u00e1reas de derechos, cultura de paz y prevenci\u00f3n de la violencia y conflictos.<\/p>\n\n\n\n<p class=\"wp-block-paragraph\">La Secretaria de Derechos Humanos manifest\u00f3 su\nsatisfacci\u00f3n al firmar este documento que impulsa la promoci\u00f3n y protecci\u00f3n\nintegral de derechos, la participaci\u00f3n y ejercicio ciudadano y el cumplimiento\nde las obligaciones nacionales e internacionales y se\u00f1al\u00f3: <strong><em>\u201ces importante aprender a caminar juntos y que la base de los consensos,\ndel di\u00e1logo ayudan a que el Estado genere nuevas pol\u00edticas que beneficien a\ntodas y todos\u201d.<\/em><\/strong><\/p>\n\n\n\n<p class=\"wp-block-paragraph\">Por su parte Lena Savelli indic\u00f3 que el Sistema\nde las Naciones Unidas apoya al Estado ecuatoriano para la implementaci\u00f3n y\nseguimiento de los Objetivos de Desarrollo Sostenible y de los instrumentos\ninternacionales de derechos humanos, <strong><em>\u201cponemos a disposici\u00f3n de la Secretar\u00eda de Derechos Humanos nuestro trabajo\nen promoci\u00f3n y protecci\u00f3n de derechos, basado en las normas internacionales y\nen los resultados que hemos tenido\u201d acot\u00f3. <\/em><\/strong><\/p>\n\n\n\n<p class=\"wp-block-paragraph\">Este Memor\u00e1ndum de Entendimiento ser\u00e1 v\u00e1lido por\nun per\u00edodo de dos a\u00f1os, donde se trabajar\u00e1 en la implementaci\u00f3n&nbsp; de las pol\u00edticas de prevenci\u00f3n, protecci\u00f3n,\natenci\u00f3n y reparaci\u00f3n integral del derecho a una vida libre de violencia contra\nmujeres y ni\u00f1as;&nbsp; en la promoci\u00f3n del\nprincipio de igualdad, no discriminaci\u00f3n y respeto a la diversidad que\ncontribuyan a un ejercicio de derechos, una cultura de paz, no violencia y\nprevenci\u00f3n del conflicto, entre otros temas. <\/p>\n","protected":false},"excerpt":{"rendered":"<p class=\"excerpt\">Quito, Ecuador.- Cecilia Chac\u00f3n, secretaria de Derechos Humanos y Lena Savelli, coordinadora residente del Sistema de Naciones Unidas en Ecuador, suscribieron un Memorando de Entendimiento para\u00a0 articular la cooperaci\u00f3n existente y futura entre las instituciones, con la finalidad de lograr los objetivos en torno a las \u00e1reas de derechos, cultura de paz y prevenci\u00f3n de la violencia y conflictos. La&hellip; <a href=\"https:\/\/www.ministeriodegobierno.gob.ec\/derechoshumanos\/2021\/04\/21\/la-secretaria-de-derechos-humanos-y-el-sistema-de-naciones-unidas-suscribieron-memorando-de-entendimiento-para-trabajo-conjunto\/\">Read more &rarr;<\/a><\/p>\n","protected":false},"author":6,"featured_media":8813,"comment_status":"closed","ping_status":"closed","sticky":false,"template":"","format":"standard","meta":{"footnotes":""},"categories":[20,5,6],"tags":[],"class_list":["post-8812","post","type-post","status-publish","format-standard","has-post-thumbnail","hentry","category-boletin-de-prensa","category-noticias","category-noticias-destacadas","xfolkentry"],"_links":{"self":[{"href":"https:\/\/www.ministeriodegobierno.gob.ec\/derechoshumanos\/wp-json\/wp\/v2\/posts\/8812","targetHints":{"allow":["GET"]}}],"collection":[{"href":"https:\/\/www.ministeriodegobierno.gob.ec\/derechoshumanos\/wp-json\/wp\/v2\/posts"}],"about":[{"href":"https:\/\/www.ministeriodegobierno.gob.ec\/derechoshumanos\/wp-json\/wp\/v2\/types\/post"}],"author":[{"embeddable":true,"href":"https:\/\/www.ministeriodegobierno.gob.ec\/derechoshumanos\/wp-json\/wp\/v2\/users\/6"}],"replies":[{"embeddable":true,"href":"https:\/\/www.ministeriodegobierno.gob.ec\/derechoshumanos\/wp-json\/wp\/v2\/comments?post=8812"}],"version-history":[{"count":1,"href":"https:\/\/www.ministeriodegobierno.gob.ec\/derechoshumanos\/wp-json\/wp\/v2\/posts\/8812\/revisions"}],"predecessor-version":[{"id":8814,"href":"https:\/\/www.ministeriodegobierno.gob.ec\/derechoshumanos\/wp-json\/wp\/v2\/posts\/8812\/revisions\/8814"}],"wp:featuredmedia":[{"embeddable":true,"href":"https:\/\/www.ministeriodegobierno.gob.ec\/derechoshumanos\/wp-json\/wp\/v2\/media\/8813"}],"wp:attachment":[{"href":"https:\/\/www.ministeriodegobierno.gob.ec\/derechoshumanos\/wp-json\/wp\/v2\/media?parent=8812"}],"wp:term":[{"taxonomy":"category","embeddable":true,"href":"https:\/\/www.ministeriodegobierno.gob.ec\/derechoshumanos\/wp-json\/wp\/v2\/categories?post=8812"},{"taxonomy":"post_tag","embeddable":true,"href":"https:\/\/www.ministeriodegobierno.gob.ec\/derechoshumanos\/wp-json\/wp\/v2\/tags?post=8812"}],"curies":[{"name":"wp","href":"https:\/\/api.w.org\/{rel}","templated":true}]}}