{"id":8820,"date":"2021-04-23T12:44:35","date_gmt":"2021-04-23T17:44:35","guid":{"rendered":"https:\/\/www.derechoshumanos.gob.ec\/?p=8820"},"modified":"2021-04-23T12:44:37","modified_gmt":"2021-04-23T17:44:37","slug":"secretaria-de-derechos-humanos-cecilia-chacon-participo-en-cierre-del-ii-proceso-del-programa-empoderamiento-y-vida-libre-de-violencia-de-la-red-de-mujeres-de-economia-violeta","status":"publish","type":"post","link":"https:\/\/www.ministeriodegobierno.gob.ec\/derechoshumanos\/2021\/04\/23\/secretaria-de-derechos-humanos-cecilia-chacon-participo-en-cierre-del-ii-proceso-del-programa-empoderamiento-y-vida-libre-de-violencia-de-la-red-de-mujeres-de-economia-violeta\/","title":{"rendered":"Secretaria de Derechos Humanos, Cecilia Chac\u00f3n, particip\u00f3 en cierre del II proceso del Programa Empoderamiento y Vida Libre de Violencia de la Red de Mujeres de Econom\u00eda Violeta"},"content":{"rendered":"\n<p class=\"wp-block-paragraph\"><strong>\u00a0<\/strong><\/p>\n\n\n\n<p class=\"wp-block-paragraph\"><strong>Quito,\nEcuador.-<\/strong> Cecilia Chac\u00f3n, secretaria de Derechos\nHumanos particip\u00f3 en la clausura del II proceso del Programa Empoderamiento y\nVida Libre de Violencia de la Red de Mujeres de Econom\u00eda Violeta, que se\nrealiza como efecto multiplicador a escala nacional, cuyo objetivo es &nbsp;fortalecer los conocimientos de las mujeres en\nempoderamiento, derechos e impulso econ\u00f3mico. <\/p>\n\n\n\n<p class=\"wp-block-paragraph\">La m\u00e1xima\nautoridad de esta cartera de Estado, resalt\u00f3 el trabajo conjunto para\ndesarrollar este proceso y se\u00f1al\u00f3: <strong><em>\u201choy estamos celebrando la vida de muchas mujeres, una vida que todas\nla sentimos diferente, pero que todas estamos motivadas y comprometidas con\nnuestra fuerza interior<\/em><\/strong>\u201d; adem\u00e1s se refiri\u00f3 al compromiso que desde\nhoy tienen todas las participantes para trabajar en la promoci\u00f3n de derechos y\nla reactivaci\u00f3n econ\u00f3mica de las mujeres,&nbsp;\ncon acciones de incidencia en el nivel local y nacional.<\/p>\n\n\n\n<p class=\"wp-block-paragraph\">Por su parte Viviana Maldonado, directora\ndel programa PreViMujer de la Cooperaci\u00f3n T\u00e9cnica Alemana GIZ, indic\u00f3 <strong><em>\u201chay que\nseguir apostando a la prevenci\u00f3n de la violencia contra las mujeres, espero\nque, desde hoy, ustedes sean quienes promuevan una vida libre de violencia\u201d.<\/em><\/strong><\/p>\n\n\n\n<p class=\"wp-block-paragraph\">Estos talleres virtuales fueron impartidos\npor el grupo de lideresas territoriales, facilitadoras de la Red de Mujeres de\nla Econom\u00eda Violeta, quienes fueron previamente capacitadas y certificadas.&nbsp; Estas mujeres lideresas, de sectores\npopulares, agro-productoras, autoempleadas y micro-emprendedoras, a trav\u00e9s de\nla r\u00e9plica continuar\u00e1n facilitando y multiplicando este conocimiento.<\/p>\n\n\n\n<p class=\"wp-block-paragraph\">1.400 mujeres se inscribieron en el Programa\nEmpoderamiento y Vida Libre de Violencia de la Red de Mujeres de Econom\u00eda\nVioleta y 970 completaron la capacitaci\u00f3n, llegando a las 24 provincias del\nEcuador, mediante 4 m\u00f3dulos que se desarrollaron de manera virtual, en los\nmeses de marzo y abril del a\u00f1o en curso.<\/p>\n","protected":false},"excerpt":{"rendered":"<p class=\"excerpt\">\u00a0 Quito, Ecuador.- Cecilia Chac\u00f3n, secretaria de Derechos Humanos particip\u00f3 en la clausura del II proceso del Programa Empoderamiento y Vida Libre de Violencia de la Red de Mujeres de Econom\u00eda Violeta, que se realiza como efecto multiplicador a escala nacional, cuyo objetivo es &nbsp;fortalecer los conocimientos de las mujeres en empoderamiento, derechos e impulso econ\u00f3mico. La m\u00e1xima autoridad de&hellip; <a href=\"https:\/\/www.ministeriodegobierno.gob.ec\/derechoshumanos\/2021\/04\/23\/secretaria-de-derechos-humanos-cecilia-chacon-participo-en-cierre-del-ii-proceso-del-programa-empoderamiento-y-vida-libre-de-violencia-de-la-red-de-mujeres-de-economia-violeta\/\">Read more &rarr;<\/a><\/p>\n","protected":false},"author":6,"featured_media":8821,"comment_status":"closed","ping_status":"closed","sticky":false,"template":"","format":"standard","meta":{"footnotes":""},"categories":[20,5,6],"tags":[],"class_list":["post-8820","post","type-post","status-publish","format-standard","has-post-thumbnail","hentry","category-boletin-de-prensa","category-noticias","category-noticias-destacadas","xfolkentry"],"_links":{"self":[{"href":"https:\/\/www.ministeriodegobierno.gob.ec\/derechoshumanos\/wp-json\/wp\/v2\/posts\/8820","targetHints":{"allow":["GET"]}}],"collection":[{"href":"https:\/\/www.ministeriodegobierno.gob.ec\/derechoshumanos\/wp-json\/wp\/v2\/posts"}],"about":[{"href":"https:\/\/www.ministeriodegobierno.gob.ec\/derechoshumanos\/wp-json\/wp\/v2\/types\/post"}],"author":[{"embeddable":true,"href":"https:\/\/www.ministeriodegobierno.gob.ec\/derechoshumanos\/wp-json\/wp\/v2\/users\/6"}],"replies":[{"embeddable":true,"href":"https:\/\/www.ministeriodegobierno.gob.ec\/derechoshumanos\/wp-json\/wp\/v2\/comments?post=8820"}],"version-history":[{"count":1,"href":"https:\/\/www.ministeriodegobierno.gob.ec\/derechoshumanos\/wp-json\/wp\/v2\/posts\/8820\/revisions"}],"predecessor-version":[{"id":8822,"href":"https:\/\/www.ministeriodegobierno.gob.ec\/derechoshumanos\/wp-json\/wp\/v2\/posts\/8820\/revisions\/8822"}],"wp:featuredmedia":[{"embeddable":true,"href":"https:\/\/www.ministeriodegobierno.gob.ec\/derechoshumanos\/wp-json\/wp\/v2\/media\/8821"}],"wp:attachment":[{"href":"https:\/\/www.ministeriodegobierno.gob.ec\/derechoshumanos\/wp-json\/wp\/v2\/media?parent=8820"}],"wp:term":[{"taxonomy":"category","embeddable":true,"href":"https:\/\/www.ministeriodegobierno.gob.ec\/derechoshumanos\/wp-json\/wp\/v2\/categories?post=8820"},{"taxonomy":"post_tag","embeddable":true,"href":"https:\/\/www.ministeriodegobierno.gob.ec\/derechoshumanos\/wp-json\/wp\/v2\/tags?post=8820"}],"curies":[{"name":"wp","href":"https:\/\/api.w.org\/{rel}","templated":true}]}}