{"id":8831,"date":"2021-04-26T16:14:26","date_gmt":"2021-04-26T21:14:26","guid":{"rendered":"https:\/\/www.derechoshumanos.gob.ec\/?p=8831"},"modified":"2021-04-26T16:14:28","modified_gmt":"2021-04-26T21:14:28","slug":"la-secretaria-de-derechos-humanos-y-consejo-de-regulacion-desarrollo-y-promocion-de-la-informacion-y-comunicacion-brindar-taller-de-contenidos-libres-de-violencia","status":"publish","type":"post","link":"https:\/\/www.ministeriodegobierno.gob.ec\/derechoshumanos\/2021\/04\/26\/la-secretaria-de-derechos-humanos-y-consejo-de-regulacion-desarrollo-y-promocion-de-la-informacion-y-comunicacion-brindar-taller-de-contenidos-libres-de-violencia\/","title":{"rendered":"La Secretar\u00eda de Derechos Humanos y Consejo de Regulaci\u00f3n, Desarrollo y Promoci\u00f3n de la Informaci\u00f3n y Comunicaci\u00f3n brindar taller de contenidos libres de violencia"},"content":{"rendered":"\n<p class=\"wp-block-paragraph\"><\/p>\n\n\n\n<p class=\"wp-block-paragraph\"><strong>Quito, Ecuador.-<\/strong> En el marco del convenio\ninterinstitucional entre la Secretar\u00eda de Derechos Humanos y el Consejo de\nRegulaci\u00f3n, Desarrollo y Promoci\u00f3n de la Informaci\u00f3n y Comunicaci\u00f3n, se desaroll\u00f3\nel tercer curso de \u201cContenidos Libres de Violencia contra las Mujeres con\nEnfoque Comunicacional, G\u00e9nero y Derechos Humanos\u201d, por medio del cual se\nrealizan cursos dirigidos a comunicadores y comunicadoras de &nbsp;los medios p\u00fablicos, privados, comunitarios de\npueblos y nacionalidades, servidores p\u00fablicos y ciudadan\u00eda en general.<\/p>\n\n\n\n<p class=\"wp-block-paragraph\">En esta versi\u00f3n del curso se trabajan\nnuevos contenidos, &nbsp;para as\u00ed complementar\nlos conocimientos adquiridos anteriormente, temas como: Masculinidades, Pol\u00edticas\nP\u00fablicas y G\u00e9nero, Derechos Colectivos, An\u00e1lisis de contenidos en medios de\ncomunicaci\u00f3n, Estrategias de socializaci\u00f3n con personas con discapacidad fueron\nabordados por expertos en la materia. <\/p>\n\n\n\n<p class=\"wp-block-paragraph\">Al respecto Mar\u00eda Ximena Fiallo, directora\ndel Sistema Nacional de Erradicaci\u00f3n, Prevenci\u00f3n y Transformaci\u00f3n de la Cultura\nde Violencia, y Monitoreo, se\u00f1al\u00f3: <strong><em>\u201cestos cursos buscan fortalecer las\ncapacidades de todas las personas que generan contenidos, para que estos se\nbasen en el enfoque basado en g\u00e9nero,&nbsp; el\nrespeto, la inclusi\u00f3n y la deconstrucci\u00f3n de los estereotipos y de patrones\nsocioculturales y as\u00ed desde los medios de comunicaci\u00f3n se impulse informaci\u00f3n y\nespacios libres de violencia\u201d.<\/em><\/strong><\/p>\n\n\n\n<p class=\"wp-block-paragraph\">Por su parte el subsecretario de\nNacionalidades Pueblos y Movimientos Sociales, Luis Maldonado se refiri\u00f3 a&nbsp; los Derechos Colectivos, indicando: <strong><em>\u201ces\nfundamental tomar en cuenta el reconocimiento del Estado Plurinacional e\nintercultural al definir al Estado Constitucional de Derechos, es decir que, la\nConstituci\u00f3n es la norma suprema, es la norma de la cual se derivan normas\nsecundarias para implementar los derechos reconocidos\u201d.<\/em><\/strong><\/p>\n\n\n\n<p class=\"wp-block-paragraph\">58\npersonas participaron en este curso, donde tambi\u00e9n&nbsp; se incluy\u00f3 a &nbsp;personal de los Consejos Cantonales de\nProtecci\u00f3n de Derechos, Gobiernos Aut\u00f3nomos Desentralizados. <\/p>\n","protected":false},"excerpt":{"rendered":"<p class=\"excerpt\">Quito, Ecuador.- En el marco del convenio interinstitucional entre la Secretar\u00eda de Derechos Humanos y el Consejo de Regulaci\u00f3n, Desarrollo y Promoci\u00f3n de la Informaci\u00f3n y Comunicaci\u00f3n, se desaroll\u00f3 el tercer curso de \u201cContenidos Libres de Violencia contra las Mujeres con Enfoque Comunicacional, G\u00e9nero y Derechos Humanos\u201d, por medio del cual se realizan cursos dirigidos a comunicadores y comunicadoras de&hellip; <a href=\"https:\/\/www.ministeriodegobierno.gob.ec\/derechoshumanos\/2021\/04\/26\/la-secretaria-de-derechos-humanos-y-consejo-de-regulacion-desarrollo-y-promocion-de-la-informacion-y-comunicacion-brindar-taller-de-contenidos-libres-de-violencia\/\">Read more &rarr;<\/a><\/p>\n","protected":false},"author":6,"featured_media":8832,"comment_status":"closed","ping_status":"closed","sticky":false,"template":"","format":"standard","meta":{"footnotes":""},"categories":[20,5,6],"tags":[],"class_list":["post-8831","post","type-post","status-publish","format-standard","has-post-thumbnail","hentry","category-boletin-de-prensa","category-noticias","category-noticias-destacadas","xfolkentry"],"_links":{"self":[{"href":"https:\/\/www.ministeriodegobierno.gob.ec\/derechoshumanos\/wp-json\/wp\/v2\/posts\/8831","targetHints":{"allow":["GET"]}}],"collection":[{"href":"https:\/\/www.ministeriodegobierno.gob.ec\/derechoshumanos\/wp-json\/wp\/v2\/posts"}],"about":[{"href":"https:\/\/www.ministeriodegobierno.gob.ec\/derechoshumanos\/wp-json\/wp\/v2\/types\/post"}],"author":[{"embeddable":true,"href":"https:\/\/www.ministeriodegobierno.gob.ec\/derechoshumanos\/wp-json\/wp\/v2\/users\/6"}],"replies":[{"embeddable":true,"href":"https:\/\/www.ministeriodegobierno.gob.ec\/derechoshumanos\/wp-json\/wp\/v2\/comments?post=8831"}],"version-history":[{"count":1,"href":"https:\/\/www.ministeriodegobierno.gob.ec\/derechoshumanos\/wp-json\/wp\/v2\/posts\/8831\/revisions"}],"predecessor-version":[{"id":8833,"href":"https:\/\/www.ministeriodegobierno.gob.ec\/derechoshumanos\/wp-json\/wp\/v2\/posts\/8831\/revisions\/8833"}],"wp:featuredmedia":[{"embeddable":true,"href":"https:\/\/www.ministeriodegobierno.gob.ec\/derechoshumanos\/wp-json\/wp\/v2\/media\/8832"}],"wp:attachment":[{"href":"https:\/\/www.ministeriodegobierno.gob.ec\/derechoshumanos\/wp-json\/wp\/v2\/media?parent=8831"}],"wp:term":[{"taxonomy":"category","embeddable":true,"href":"https:\/\/www.ministeriodegobierno.gob.ec\/derechoshumanos\/wp-json\/wp\/v2\/categories?post=8831"},{"taxonomy":"post_tag","embeddable":true,"href":"https:\/\/www.ministeriodegobierno.gob.ec\/derechoshumanos\/wp-json\/wp\/v2\/tags?post=8831"}],"curies":[{"name":"wp","href":"https:\/\/api.w.org\/{rel}","templated":true}]}}