{"id":8927,"date":"2021-04-27T16:32:13","date_gmt":"2021-04-27T21:32:13","guid":{"rendered":"https:\/\/www.derechoshumanos.gob.ec\/?p=8927"},"modified":"2021-04-27T16:32:15","modified_gmt":"2021-04-27T21:32:15","slug":"la-secretaria-de-derechos-humanos-realizo-abordaje-integral-en-caso-de-adolescentes-recuperadas-en-piura-peru","status":"publish","type":"post","link":"https:\/\/www.ministeriodegobierno.gob.ec\/derechoshumanos\/2021\/04\/27\/la-secretaria-de-derechos-humanos-realizo-abordaje-integral-en-caso-de-adolescentes-recuperadas-en-piura-peru\/","title":{"rendered":"La Secretar\u00eda de Derechos Humanos realiz\u00f3 abordaje integral en caso de adolescentes recuperadas en Piura-Per\u00fa"},"content":{"rendered":"\n<p class=\"wp-block-paragraph\"><strong>Macar\u00e1, Ecuador.-&nbsp; <\/strong>La Secretar\u00eda\nde Derechos Humanos a trav\u00e9s del Servicio de Protecci\u00f3n Integral SPI, realiz\u00f3\nintervenci\u00f3n integral en el caso de las adolescentes de 12 y 13 a\u00f1os de\nnacionalidad venezolana quienes desaparecieron el jueves 22 de abril en la\nciudad de Quito y fueron recuperadas el 26 de abril en Piura- Per\u00fa.<\/p>\n\n\n\n<p class=\"wp-block-paragraph\">El caso fue\nalertado desde Ministerio de Gobierno, quien activ\u00f3 la alerta Emilia y\nposteriormente se emiti\u00f3 la alerta amarilla de Interpol, esto debido a que las\nadolescentes&nbsp; al salir de su casa hacia\nun minimarket cercano desaparecieron. La Polic\u00eda Nacional con sus equipos\nespecializados, realizaron las articulaciones internacionales correspondientes\npara poder recuperar a las adolescentes.<\/p>\n\n\n\n<p class=\"wp-block-paragraph\">Gabriel\nMart\u00ednez, ministro de Gobierno, conjuntamente con el alcalde de Macar\u00e1, Alfredo\nSuquilanda, la gobernadora de Loja,&nbsp;\nLorena Costa y la &nbsp;coordinadora de\nla Oficina T\u00e9cnica de la SDH, M\u00f3nica Fierro estuvieron presentes en el\nrecibimiento de las ni\u00f1as.<\/p>\n\n\n\n<p class=\"wp-block-paragraph\">Posteriormente\nel equipo t\u00e9cnico del Servicio de Protecci\u00f3n Integral realiz\u00f3 el abordaje\nnecesario, tomando en cuenta los protocolos del Sistema de Protecci\u00f3n de\nDerechos a v\u00edctimas de posible trata de personas, canalizando una atenci\u00f3n\nbasada en principios y enfoques de atenci\u00f3n y actuaci\u00f3n, primando la no\nrevictimizaci\u00f3n, esto con el af\u00e1n de brindar la contenci\u00f3n emocional y los\nprimeros auxilios psicol\u00f3gicos a las adolescentes y a su padre, recalcando\nadem\u00e1s que, el proceso se encuentra en investigaci\u00f3n por las autoridades\ncompetentes.&nbsp;&nbsp; <\/p>\n\n\n\n<p class=\"wp-block-paragraph\">Finalmente,\nla coordinadora de la Oficina T\u00e9cnica, M\u00f3nica Fierro Montalvo, manifest\u00f3, <em>\u201cla Secretar\u00eda de Derechos Humanos realiz\u00f3\nun trabajo articulado interinstitucionalmente con el objetivo de que&nbsp; las adolescentes y su familia sean atendidas\nde manera oportuna, integral y especializada, posterior a esto los equipos de esta\ninstituci\u00f3n en el&nbsp; Distrito Metropolitano\nde Quito, har\u00e1n el seguimiento de acuerdo a nuestros servicios institucionales\ny competencias legales\u201d.<\/em><\/p>\n\n\n\n<p class=\"wp-block-paragraph\"><strong>Para mayor\ninformaci\u00f3n <\/strong><\/p>\n\n\n\n<p class=\"wp-block-paragraph\"><strong>Direcci\u00f3n de\nComunicaci\u00f3n \u2013 Secretar\u00eda de Derechos Humanos<\/strong><\/p>\n","protected":false},"excerpt":{"rendered":"<p class=\"excerpt\">Macar\u00e1, Ecuador.-&nbsp; La Secretar\u00eda de Derechos Humanos a trav\u00e9s del Servicio de Protecci\u00f3n Integral SPI, realiz\u00f3 intervenci\u00f3n integral en el caso de las adolescentes de 12 y 13 a\u00f1os de nacionalidad venezolana quienes desaparecieron el jueves 22 de abril en la ciudad de Quito y fueron recuperadas el 26 de abril en Piura- Per\u00fa. El caso fue alertado desde Ministerio&hellip; <a href=\"https:\/\/www.ministeriodegobierno.gob.ec\/derechoshumanos\/2021\/04\/27\/la-secretaria-de-derechos-humanos-realizo-abordaje-integral-en-caso-de-adolescentes-recuperadas-en-piura-peru\/\">Read more &rarr;<\/a><\/p>\n","protected":false},"author":8,"featured_media":8928,"comment_status":"closed","ping_status":"closed","sticky":false,"template":"","format":"standard","meta":{"footnotes":""},"categories":[20,5,6],"tags":[],"class_list":["post-8927","post","type-post","status-publish","format-standard","has-post-thumbnail","hentry","category-boletin-de-prensa","category-noticias","category-noticias-destacadas","xfolkentry"],"_links":{"self":[{"href":"https:\/\/www.ministeriodegobierno.gob.ec\/derechoshumanos\/wp-json\/wp\/v2\/posts\/8927","targetHints":{"allow":["GET"]}}],"collection":[{"href":"https:\/\/www.ministeriodegobierno.gob.ec\/derechoshumanos\/wp-json\/wp\/v2\/posts"}],"about":[{"href":"https:\/\/www.ministeriodegobierno.gob.ec\/derechoshumanos\/wp-json\/wp\/v2\/types\/post"}],"author":[{"embeddable":true,"href":"https:\/\/www.ministeriodegobierno.gob.ec\/derechoshumanos\/wp-json\/wp\/v2\/users\/8"}],"replies":[{"embeddable":true,"href":"https:\/\/www.ministeriodegobierno.gob.ec\/derechoshumanos\/wp-json\/wp\/v2\/comments?post=8927"}],"version-history":[{"count":1,"href":"https:\/\/www.ministeriodegobierno.gob.ec\/derechoshumanos\/wp-json\/wp\/v2\/posts\/8927\/revisions"}],"predecessor-version":[{"id":8929,"href":"https:\/\/www.ministeriodegobierno.gob.ec\/derechoshumanos\/wp-json\/wp\/v2\/posts\/8927\/revisions\/8929"}],"wp:featuredmedia":[{"embeddable":true,"href":"https:\/\/www.ministeriodegobierno.gob.ec\/derechoshumanos\/wp-json\/wp\/v2\/media\/8928"}],"wp:attachment":[{"href":"https:\/\/www.ministeriodegobierno.gob.ec\/derechoshumanos\/wp-json\/wp\/v2\/media?parent=8927"}],"wp:term":[{"taxonomy":"category","embeddable":true,"href":"https:\/\/www.ministeriodegobierno.gob.ec\/derechoshumanos\/wp-json\/wp\/v2\/categories?post=8927"},{"taxonomy":"post_tag","embeddable":true,"href":"https:\/\/www.ministeriodegobierno.gob.ec\/derechoshumanos\/wp-json\/wp\/v2\/tags?post=8927"}],"curies":[{"name":"wp","href":"https:\/\/api.w.org\/{rel}","templated":true}]}}